{"id":29794,"date":"2023-11-01T18:00:32","date_gmt":"2023-11-01T21:00:32","guid":{"rendered":"https:\/\/www.oparanews.com.br\/?p=29794"},"modified":"2023-11-01T18:03:11","modified_gmt":"2023-11-01T21:03:11","slug":"novembro-azul-especialista-alerta-para-os-cuidados-com-a-saude-do-homem","status":"publish","type":"post","link":"https:\/\/www.oparanews.com.br\/index.php\/2023\/11\/01\/novembro-azul-especialista-alerta-para-os-cuidados-com-a-saude-do-homem\/","title":{"rendered":"Novembro Azul: Especialista alerta para os cuidados com a sa\u00fade do homem"},"content":{"rendered":"<p>O m\u00eas de novembro \u00e9 dedicado \u00e0 conscientiza\u00e7\u00e3o e preven\u00e7\u00e3o ao c\u00e2ncer de pr\u00f3stata, segundo tipo mais comum da doen\u00e7a entre os homens. Anualmente, segundo dados do Instituto Nacional do C\u00e2ncer (Inca), 28% da popula\u00e7\u00e3o masculina morre v\u00edtima da doen\u00e7a. E o principal meio de preven\u00e7\u00e3o e diagn\u00f3stico da doen\u00e7a ainda \u00e9 um tabu.<\/p>\n<p>&nbsp;<\/p>\n<p>E voc\u00ea sabia que o homem \u00e9 muito negligente com a pr\u00f3pria sa\u00fade, no que diz respeito aos cuidados e a preven\u00e7\u00e3o. A mulher vai ao m\u00e9dico cinco vezes mais que o homem. Para esclarecer algumas d\u00favidas do p\u00fablico masculino, tamb\u00e9m como forma de alertar e conscientizar para a import\u00e2ncia e os cuidados, com 18 anos de atua\u00e7\u00e3o, o m\u00e9dico especialista em urologia, Eduardo Nunes, foi o nosso entrevistado. O profissional faz parte dos quadros do Munic\u00edpio e atende no Centro de Sa\u00fade 3 (Antigo SESP).<\/p>\n<p>&nbsp;<\/p>\n<p><em><strong>Por que o homem precisa fazer o exame de pr\u00f3stata?<\/strong><\/em><\/p>\n<p>&nbsp;<\/p>\n<p>O homem precisa fazer o exame porque a pr\u00f3stata \u00e9 uma gl\u00e2ndula e podem surgir alguns fatores que podem atrapalhar a vida do homem. Quando a pr\u00f3stata cresce, ela vai causar alguns sintomas obstrutivos. Ent\u00e3o, o paciente vai ter muita dificuldade para urinar, o jato vai sair mais fraco, a frequ\u00eancia da urina vai ser constante durante o dia e o pior de todos, durante \u00e0 noite urinar com bem maior frequ\u00eancia. E para identificar o c\u00e2ncer de pr\u00f3stata, que normalmente nas fases iniciais n\u00e3o d\u00e1 nenhuma sintomatologia. E quando vai mostrar, j\u00e1 est\u00e1 em idade avan\u00e7ada.<\/p>\n<p>&nbsp;<\/p>\n<p><em><strong>Quando devemos procurar um m\u00e9dico especialista em urologia?<\/strong><\/em><\/p>\n<p>&nbsp;<\/p>\n<p>Na realidade, o homem deveria ir ao urologista j\u00e1 na adolesc\u00eancia para identificar as altera\u00e7\u00f5es sexuais, precaver doen\u00e7as sexualmente transmiss\u00edveis. Ent\u00e3o, quem regula \u00e9 a Sociedade Brasileira de Urologia.<\/p>\n<p>&nbsp;<\/p>\n<p><em><strong>Existe idade estabelecida pelo Minist\u00e9rio da Sa\u00fade ou entidades m\u00e9dicas para o exame?<\/strong><\/em><\/p>\n<p>&nbsp;<\/p>\n<p>Do ponto de vista prost\u00e1tico \u00e9 a partir dos 40 anos. Mas, refor\u00e7o que o homem deve se cuidar, ir ao urologista desde a adolesc\u00eancia.<\/p>\n<p>&nbsp;<\/p>\n<p><em><strong>Qual a diferen\u00e7a entre os exames do PSA e o de toque?<\/strong><\/em><\/p>\n<p>&nbsp;<\/p>\n<p>O PSA (Ant\u00edgeno Prost\u00e1tico Espec\u00edfico) \u00e9 um exame de sangue que \u00e9 produzido pela pr\u00f3stata. Ent\u00e3o, o PSA aumenta em algumas situa\u00e7\u00f5es, como por exemplo no aumento da pr\u00f3stata (Hiperplasia Prost\u00e1tica Benigna), nos casos de infec\u00e7\u00f5es (prostatite) e no caso do c\u00e2ncer de pr\u00f3stata.<\/p>\n<p>&nbsp;<\/p>\n<p>O exame do toque retal \u00e9 realizado no toque da pr\u00f3stata pelo \u00e2nus, para que possamos identificar se a pr\u00f3stata est\u00e1 crescida, se existe algum n\u00f3dulo, se est\u00e1 endurecida e se existe algum n\u00f3dulo que justifique um c\u00e2ncer.<\/p>\n<p>&nbsp;<\/p>\n<p><em><strong>E quando fazer um ou outro desses exames ?<\/strong><\/em><\/p>\n<p>&nbsp;<\/p>\n<p>O PSA \u00e9 indicado para realizar depois dos 40 anos e o do toque a partir dos 50 anos. Ou, quando existe algum hist\u00f3rico familiar, assim a idade \u00e9 recomendada para 45 anos. E tamb\u00e9m quando \u00e9 afrodescendente a idade tamb\u00e9m cai para 45 anos.<\/p>\n<p>&nbsp;<\/p>\n<p><em><strong>O c\u00e2ncer de pr\u00f3stata \u00e9 o que mais acomete homens no Brasil?<\/strong><\/em><\/p>\n<p>&nbsp;<\/p>\n<p>Na realidade, \u00e9 o segundo mais comum entre os homens. O primeiro s\u00e3o os c\u00e2nceres de pele.<\/p>\n<p>&nbsp;<\/p>\n<p><em><strong>Mito ou verdade que uma cirurgia na pr\u00f3stata pode deixar o homem impotente?<\/strong><\/em><\/p>\n<p>&nbsp;<\/p>\n<p>Depende da cirurgia! Com o avan\u00e7o da medicina muita coisa melhorou. Quando o paciente tem hiperplasia prost\u00e1tica benigna, n\u00e3o \u00e9 c\u00e2ncer de pr\u00f3stata, pode ser feita uma ressec\u00e7\u00e3o endosc\u00f3pica ou cirurgia aberta que \u00e9 a prostatectomia transvesical, nestas duas situa\u00e7\u00f5es o homem n\u00e3o fica impotente.<\/p>\n<p>&nbsp;<\/p>\n<p>E quando vai para o c\u00e2ncer de pr\u00f3stata, o homem vai fazer a cirurgia prostatectomia radical, com os avan\u00e7os da medicina, se o paciente tiver condi\u00e7\u00f5es de realizar o procedimento por via rob\u00f3tica, o \u00edndice de impot\u00eancia cai muito, praticamente n\u00e3o fica. Por\u00e9m, quando a cirurgia \u00e9 aberta, o \u00edndice \u00e9 muito grande.<\/p>\n<p><a href=\"http:\/\/www.oparanews.com.br\/wp-content\/uploads\/2023\/11\/Capa5969.jpg\"><img loading=\"lazy\" decoding=\"async\" class=\"aligncenter size-full wp-image-29795\" src=\"http:\/\/www.oparanews.com.br\/wp-content\/uploads\/2023\/11\/Capa5969.jpg\" alt=\"\" width=\"559\" height=\"302\" srcset=\"https:\/\/www.oparanews.com.br\/wp-content\/uploads\/2023\/11\/Capa5969.jpg 559w, https:\/\/www.oparanews.com.br\/wp-content\/uploads\/2023\/11\/Capa5969-300x162.jpg 300w\" sizes=\"auto, (max-width: 559px) 100vw, 559px\" \/><\/a><\/p>\n<p><strong><em>O exame de toque ainda \u00e9 um tabu para o homem?<\/em><\/strong><\/p>\n<p>&nbsp;<\/p>\n<p>O exame do toque ainda \u00e9 um tabu, principalmente no Nordeste, pela quest\u00e3o da masculinidade, como se isso fosse afetar. Ainda h\u00e1 uma resist\u00eancia. Mas, com o passar dos anos, isso vem mudando.<\/p>\n<p>&nbsp;<\/p>\n<p><em><strong>Por que o homem, no que diz respeito aos cuidados com sua sa\u00fade, ainda \u00e9 negligente?<\/strong><\/em><\/p>\n<p>&nbsp;<\/p>\n<p>Com rela\u00e7\u00e3o aos cuidados do homem, ele ainda \u00e9 muito negligente em rela\u00e7\u00e3o a sua sa\u00fade. A mulher logo cedo vai ao ginecologista. O homem normalmente n\u00e3o procura o urologista, ele procura basicamente quando tem alguma doen\u00e7a, ou realmente quando se d\u00e1 conta das consultas prost\u00e1ticas a partir dos 40 anos. No geral, o homem vai muito pouco ao urologista.<\/p>\n<p>&nbsp;<\/p>\n<p>No geral, a mulher vai ao m\u00e9dico cinco vezes mais que o homem. A diferen\u00e7a \u00e9 muito grande entre os cuidados da sa\u00fade entre o homem e a mulher. Ou o homem vai ao m\u00e9dico quando est\u00e1 doente, ou quando algu\u00e9m fala sobre as quest\u00f5es de acompanhamento sobre o c\u00e2ncer de pr\u00f3stata.<\/p>\n<p>&nbsp;<\/p>\n<p>&nbsp;<\/p>\n<p>&nbsp;<\/p>\n<p>&nbsp;<\/p>\n<p><strong>por Roberto Miranda<\/strong><br \/>\n<strong>Fotos: Gabriela Flores \u2013 Arquivo Assessoria SEMS<\/strong><\/p>\n<p>&nbsp;<\/p>\n","protected":false},"excerpt":{"rendered":"<p>O m\u00eas de novembro \u00e9 dedicado \u00e0 conscientiza\u00e7\u00e3o e preven\u00e7\u00e3o ao c\u00e2ncer de pr\u00f3stata, segundo tipo mais comum da doen\u00e7a entre os homens. Anualmente, segundo dados do Instituto Nacional do C\u00e2ncer (Inca), 28% da popula\u00e7\u00e3o masculina morre v\u00edtima da doen\u00e7a. E o principal meio de preven\u00e7\u00e3o e diagn\u00f3stico da doen\u00e7a ainda \u00e9 um tabu. &nbsp; &hellip;<\/p>\n","protected":false},"author":2,"featured_media":29796,"comment_status":"open","ping_status":"open","sticky":false,"template":"","format":"standard","meta":{"_jetpack_memberships_contains_paid_content":false,"footnotes":""},"categories":[1,3],"tags":[],"class_list":["post-29794","post","type-post","status-publish","format-standard","has-post-thumbnail","hentry","category-destaque","category-penedo"],"jetpack_featured_media_url":"https:\/\/www.oparanews.com.br\/wp-content\/uploads\/2023\/11\/Dr-Eduardo-Nunes.jpeg","jetpack_sharing_enabled":true,"_links":{"self":[{"href":"https:\/\/www.oparanews.com.br\/index.php\/wp-json\/wp\/v2\/posts\/29794","targetHints":{"allow":["GET"]}}],"collection":[{"href":"https:\/\/www.oparanews.com.br\/index.php\/wp-json\/wp\/v2\/posts"}],"about":[{"href":"https:\/\/www.oparanews.com.br\/index.php\/wp-json\/wp\/v2\/types\/post"}],"author":[{"embeddable":true,"href":"https:\/\/www.oparanews.com.br\/index.php\/wp-json\/wp\/v2\/users\/2"}],"replies":[{"embeddable":true,"href":"https:\/\/www.oparanews.com.br\/index.php\/wp-json\/wp\/v2\/comments?post=29794"}],"version-history":[{"count":1,"href":"https:\/\/www.oparanews.com.br\/index.php\/wp-json\/wp\/v2\/posts\/29794\/revisions"}],"predecessor-version":[{"id":29797,"href":"https:\/\/www.oparanews.com.br\/index.php\/wp-json\/wp\/v2\/posts\/29794\/revisions\/29797"}],"wp:featuredmedia":[{"embeddable":true,"href":"https:\/\/www.oparanews.com.br\/index.php\/wp-json\/wp\/v2\/media\/29796"}],"wp:attachment":[{"href":"https:\/\/www.oparanews.com.br\/index.php\/wp-json\/wp\/v2\/media?parent=29794"}],"wp:term":[{"taxonomy":"category","embeddable":true,"href":"https:\/\/www.oparanews.com.br\/index.php\/wp-json\/wp\/v2\/categories?post=29794"},{"taxonomy":"post_tag","embeddable":true,"href":"https:\/\/www.oparanews.com.br\/index.php\/wp-json\/wp\/v2\/tags?post=29794"}],"curies":[{"name":"wp","href":"https:\/\/api.w.org\/{rel}","templated":true}]}}