{"id":29832,"date":"2023-11-06T17:57:51","date_gmt":"2023-11-06T20:57:51","guid":{"rendered":"https:\/\/www.oparanews.com.br\/?p=29832"},"modified":"2023-11-06T17:57:51","modified_gmt":"2023-11-06T20:57:51","slug":"prefeitura-de-penedo-atua-apos-irregularidades-em-evento-na-praca-barao-de-penedo","status":"publish","type":"post","link":"https:\/\/www.oparanews.com.br\/index.php\/2023\/11\/06\/prefeitura-de-penedo-atua-apos-irregularidades-em-evento-na-praca-barao-de-penedo\/","title":{"rendered":"Prefeitura de Penedo atua ap\u00f3s irregularidades em evento na Pra\u00e7a Bar\u00e3o de Penedo"},"content":{"rendered":"<p>A Prefeitura de Penedo, atrav\u00e9s da Secretaria Municipal de Desenvolvimento Econ\u00f4mico, Com\u00e9rcio e Ind\u00fastria (SEDECIN), tomou medidas corretivas em rela\u00e7\u00e3o ao evento \u201cTardezinha do Nassau\u201d que aconteceu na Pra\u00e7a Bar\u00e3o de Penedo, um dos principais cart\u00f5es postais da cidade, em 4 de novembro.<\/p>\n<p>&nbsp;<\/p>\n<p>Integrantes do setor de Fiscaliza\u00e7\u00e3o de Postura da SEDECIN atuaram nesta segunda-feira, dia 6 de novembro, aplicando as san\u00e7\u00f5es pertinentes pela infra\u00e7\u00e3o das normas de uso do espa\u00e7o p\u00fablico. O organizador do evento foi multado pelo descumprimento da legisla\u00e7\u00e3o municipal.<\/p>\n<p>&nbsp;<\/p>\n<p>Visando prevenir a reincid\u00eancia de tais pr\u00e1ticas, foi determinado que a realiza\u00e7\u00e3o de futuros eventos art\u00edsticos no local pelo mesmo organizador estar\u00e1 condicionada \u00e0 assinatura de um Termo de Ajuste de Conduta (TAC). Este termo assegurar\u00e1 o cumprimento das normas municipais, garantindo o livre acesso da popula\u00e7\u00e3o a esses espa\u00e7os coletivos.<\/p>\n<p>&nbsp;<\/p>\n<p>A Prefeitura de Penedo reitera seu compromisso com o bem-estar dos seus cidad\u00e3os e a manuten\u00e7\u00e3o da ordem nos espa\u00e7os p\u00fablicos. A livre frui\u00e7\u00e3o dos espa\u00e7os p\u00fablicos \u00e9 um direito de todos e essencial para a qualidade de vida na cidade.<\/p>\n<p>&nbsp;<\/p>\n<p>Reconhecendo a import\u00e2ncia de eventos culturais e art\u00edsticos, a Prefeitura salienta o impacto positivo que tais atividades t\u00eam no turismo e no entretenimento local. Eles n\u00e3o apenas enriquecem a vida cultural de Penedo, mas tamb\u00e9m impulsionam a economia da cidade, atraindo visitantes e oferecendo aos penedenses uma variedade de op\u00e7\u00f5es de lazer. A gest\u00e3o Penedo Crescendo Com Seu Povo est\u00e1 comprometida em apoiar eventos que respeitem as diretrizes municipais e contribuam para o dinamismo e entretenimentos dos penedenses.<\/p>\n<p>&nbsp;<\/p>\n<p>Eventuais d\u00favidas sobre o uso dos espa\u00e7os p\u00fablicos e as diretrizes municipais podem ser esclarecidas junto \u00e0 SEDECIN.<\/p>\n<p>&nbsp;<\/p>\n<p>&nbsp;<\/p>\n<p>&nbsp;<\/p>\n<p><strong>Fonte: SECOM\/PMP<\/strong><\/p>\n<p>&nbsp;<\/p>\n","protected":false},"excerpt":{"rendered":"<p>A Prefeitura de Penedo, atrav\u00e9s da Secretaria Municipal de Desenvolvimento Econ\u00f4mico, Com\u00e9rcio e Ind\u00fastria (SEDECIN), tomou medidas corretivas em rela\u00e7\u00e3o ao evento \u201cTardezinha do Nassau\u201d que aconteceu na Pra\u00e7a Bar\u00e3o de Penedo, um dos principais cart\u00f5es postais da cidade, em 4 de novembro. &nbsp; Integrantes do setor de Fiscaliza\u00e7\u00e3o de Postura da SEDECIN atuaram nesta &hellip;<\/p>\n","protected":false},"author":2,"featured_media":29833,"comment_status":"open","ping_status":"open","sticky":false,"template":"","format":"standard","meta":{"_jetpack_memberships_contains_paid_content":false,"footnotes":""},"categories":[1,3],"tags":[],"class_list":["post-29832","post","type-post","status-publish","format-standard","has-post-thumbnail","hentry","category-destaque","category-penedo"],"jetpack_featured_media_url":"https:\/\/www.oparanews.com.br\/wp-content\/uploads\/2023\/11\/multa2.jpg","jetpack_sharing_enabled":true,"_links":{"self":[{"href":"https:\/\/www.oparanews.com.br\/index.php\/wp-json\/wp\/v2\/posts\/29832","targetHints":{"allow":["GET"]}}],"collection":[{"href":"https:\/\/www.oparanews.com.br\/index.php\/wp-json\/wp\/v2\/posts"}],"about":[{"href":"https:\/\/www.oparanews.com.br\/index.php\/wp-json\/wp\/v2\/types\/post"}],"author":[{"embeddable":true,"href":"https:\/\/www.oparanews.com.br\/index.php\/wp-json\/wp\/v2\/users\/2"}],"replies":[{"embeddable":true,"href":"https:\/\/www.oparanews.com.br\/index.php\/wp-json\/wp\/v2\/comments?post=29832"}],"version-history":[{"count":1,"href":"https:\/\/www.oparanews.com.br\/index.php\/wp-json\/wp\/v2\/posts\/29832\/revisions"}],"predecessor-version":[{"id":29834,"href":"https:\/\/www.oparanews.com.br\/index.php\/wp-json\/wp\/v2\/posts\/29832\/revisions\/29834"}],"wp:featuredmedia":[{"embeddable":true,"href":"https:\/\/www.oparanews.com.br\/index.php\/wp-json\/wp\/v2\/media\/29833"}],"wp:attachment":[{"href":"https:\/\/www.oparanews.com.br\/index.php\/wp-json\/wp\/v2\/media?parent=29832"}],"wp:term":[{"taxonomy":"category","embeddable":true,"href":"https:\/\/www.oparanews.com.br\/index.php\/wp-json\/wp\/v2\/categories?post=29832"},{"taxonomy":"post_tag","embeddable":true,"href":"https:\/\/www.oparanews.com.br\/index.php\/wp-json\/wp\/v2\/tags?post=29832"}],"curies":[{"name":"wp","href":"https:\/\/api.w.org\/{rel}","templated":true}]}}