{"id":29886,"date":"2023-11-13T23:50:16","date_gmt":"2023-11-14T02:50:16","guid":{"rendered":"https:\/\/www.oparanews.com.br\/?p=29886"},"modified":"2023-11-13T23:50:16","modified_gmt":"2023-11-14T02:50:16","slug":"adolescente-finaliza-tratamento-de-cancer-e-ganha-festa-surpresa-em-hospital","status":"publish","type":"post","link":"https:\/\/www.oparanews.com.br\/index.php\/2023\/11\/13\/adolescente-finaliza-tratamento-de-cancer-e-ganha-festa-surpresa-em-hospital\/","title":{"rendered":"Adolescente finaliza tratamento de c\u00e2ncer e ganha festa surpresa em hospital"},"content":{"rendered":"<p>H\u00e1 mais de um ano lutando contra o c\u00e2ncer, o adolescente Yan Jos\u00e9 Lobo, de 17 anos, finalmente recebeu alta hospitalar em Macei\u00f3 nesta segunda-feira (13). A finaliza\u00e7\u00e3o do tratamento teve direito a festa surpresa e visita de amigos e familiares do interior de Alagoas. A presen\u00e7a da m\u00e3e Laucha, diagnostica com c\u00e2ncer no colo do \u00fatero ao mesmo tempo que Yan, o emocionou.<\/p>\n<p>&nbsp;<\/p>\n<p>&#8220;Estou aqui me segurando para n\u00e3o chorar mais. Foi dif\u00edcil a batalha, mas a gente chegou no fim e venceu. \u00c9 o presente antecipado de Natal e de todos os anos. \u00c9 uma felicidade imensa&#8221;, disse Yan.<\/p>\n<p>&nbsp;<\/p>\n<p>Enquanto Yan era diagnosticado com leucemia, Laucha recebia a not\u00edcia de que precisaria enfrentar um c\u00e2ncer no colo do \u00fatero. Os dois ficaram separados por praticamente um ano para fazer o tratamento em cidades diferentes.<\/p>\n<p>&nbsp;<\/p>\n<p>&#8220;Eu senti o c\u00e2ncer dela mais do que o meu. Muito tempo sem poder v\u00ea-la, e foi assim durante o tratamento todo sem ter o contato com ela. Quando eu ia para casa tinha que voltar para o hospital no outro dia por causa de alguma bact\u00e9ria&#8221;, relembra Yan.<\/p>\n<p>&nbsp;<\/p>\n<p>A m\u00e3e iniciou o tratamento em Arapiraca, enquanto que Yan foi transferido para um hospital em Macei\u00f3. A dist\u00e2ncia entre os dois tornou o tratamento ainda mais dif\u00edcil.<\/p>\n<p>&nbsp;<\/p>\n<p>&#8220;Eu n\u00e3o podia acompanh\u00e1-lo por causa do tratamento. Doeu mais ainda do que em mim (chora)&#8221;, disse Laucha.<\/p>\n<p>&nbsp;<\/p>\n<p>Com o tratamento finalizado, os dois puderam se reencontrar no hospital. O abra\u00e7o apertado de saudade foi acompanhado por amigos, familiares e integrantes da equipe m\u00e9dica do hospital (veja acima).<\/p>\n<p>&nbsp;<\/p>\n<p>&#8220;O Yan trouxe grandes ensinamentos para a nossa equipe. Foram desafios conjuntos ele e a fam\u00edlia, sempre unidos e acreditando na cura e no t\u00e9rmino do tratamento que aconteceu hoje&#8221;, disse a m\u00e9dica oncologista, Luana Bonfim.<\/p>\n<p>&nbsp;<\/p>\n<p>&nbsp;<\/p>\n<p>&nbsp;<\/p>\n<p><strong>Fonte: G1\/AL<\/strong><\/p>\n<p>&nbsp;<\/p>\n","protected":false},"excerpt":{"rendered":"<p>H\u00e1 mais de um ano lutando contra o c\u00e2ncer, o adolescente Yan Jos\u00e9 Lobo, de 17 anos, finalmente recebeu alta hospitalar em Macei\u00f3 nesta segunda-feira (13). A finaliza\u00e7\u00e3o do tratamento teve direito a festa surpresa e visita de amigos e familiares do interior de Alagoas. A presen\u00e7a da m\u00e3e Laucha, diagnostica com c\u00e2ncer no colo &hellip;<\/p>\n","protected":false},"author":2,"featured_media":29887,"comment_status":"open","ping_status":"open","sticky":false,"template":"","format":"standard","meta":{"_jetpack_memberships_contains_paid_content":false,"footnotes":""},"categories":[4,1,3],"tags":[],"class_list":["post-29886","post","type-post","status-publish","format-standard","has-post-thumbnail","hentry","category-alagoas","category-destaque","category-penedo"],"jetpack_featured_media_url":"https:\/\/www.oparanews.com.br\/wp-content\/uploads\/2023\/11\/whatsapp-image-2023-11-13-at-12.42.33-1-.webp","jetpack_sharing_enabled":true,"_links":{"self":[{"href":"https:\/\/www.oparanews.com.br\/index.php\/wp-json\/wp\/v2\/posts\/29886","targetHints":{"allow":["GET"]}}],"collection":[{"href":"https:\/\/www.oparanews.com.br\/index.php\/wp-json\/wp\/v2\/posts"}],"about":[{"href":"https:\/\/www.oparanews.com.br\/index.php\/wp-json\/wp\/v2\/types\/post"}],"author":[{"embeddable":true,"href":"https:\/\/www.oparanews.com.br\/index.php\/wp-json\/wp\/v2\/users\/2"}],"replies":[{"embeddable":true,"href":"https:\/\/www.oparanews.com.br\/index.php\/wp-json\/wp\/v2\/comments?post=29886"}],"version-history":[{"count":1,"href":"https:\/\/www.oparanews.com.br\/index.php\/wp-json\/wp\/v2\/posts\/29886\/revisions"}],"predecessor-version":[{"id":29888,"href":"https:\/\/www.oparanews.com.br\/index.php\/wp-json\/wp\/v2\/posts\/29886\/revisions\/29888"}],"wp:featuredmedia":[{"embeddable":true,"href":"https:\/\/www.oparanews.com.br\/index.php\/wp-json\/wp\/v2\/media\/29887"}],"wp:attachment":[{"href":"https:\/\/www.oparanews.com.br\/index.php\/wp-json\/wp\/v2\/media?parent=29886"}],"wp:term":[{"taxonomy":"category","embeddable":true,"href":"https:\/\/www.oparanews.com.br\/index.php\/wp-json\/wp\/v2\/categories?post=29886"},{"taxonomy":"post_tag","embeddable":true,"href":"https:\/\/www.oparanews.com.br\/index.php\/wp-json\/wp\/v2\/tags?post=29886"}],"curies":[{"name":"wp","href":"https:\/\/api.w.org\/{rel}","templated":true}]}}