{"id":29893,"date":"2023-11-15T22:17:16","date_gmt":"2023-11-16T01:17:16","guid":{"rendered":"https:\/\/www.oparanews.com.br\/?p=29893"},"modified":"2023-11-15T22:17:16","modified_gmt":"2023-11-16T01:17:16","slug":"cultura-anuncia-prorrogacao-para-os-editais-da-lei-paulo-gustavo-alagoas","status":"publish","type":"post","link":"https:\/\/www.oparanews.com.br\/index.php\/2023\/11\/15\/cultura-anuncia-prorrogacao-para-os-editais-da-lei-paulo-gustavo-alagoas\/","title":{"rendered":"Cultura anuncia prorroga\u00e7\u00e3o para os editais da Lei Paulo Gustavo Alagoas"},"content":{"rendered":"<p>A Secretaria de Estado da Cultura e Economia Criativa (Secult) anunciou,por meio de suplemento no Di\u00e1rio Oficial do Estado de Alagoas da \u00faltima ter\u00e7a-feira (14), a prorroga\u00e7\u00e3o do prazo de inscri\u00e7\u00f5es para os 27 editais estaduais da Lei Paulo Gustavo. Os interessados agora t\u00eam at\u00e9 o dia 21 de novembro para se inscreverem.<\/p>\n<p>&nbsp;<\/p>\n<p>Os editais abrangem diversas \u00e1reas culturais, como Patrim\u00f4nio, Literatura, Artesanato, Cultura Afro-brasileira, Povos tradicionais, Cultura popular, Cultura LGBTQIAPN+, Cultura Nerd, M\u00fasica, Artes Visuais, Produ\u00e7\u00e3o, T\u00e9cnicos e T\u00e9cnicas do Setor Cultural, Moda e Artes C\u00eanicas, Design, Moda, Espa\u00e7os Culturais e Audiovisual.<\/p>\n<p>&nbsp;<\/p>\n<p>Podem participar do processo seletivo maiores de 18 anos, tanto pessoas f\u00edsicas quanto jur\u00eddicas, microempreendedores individuais (MEI), coletivos e grupos, desde que estejam alinhados com o objeto do certame. As inscri\u00e7\u00f5es podem ser realizadas atrav\u00e9s do site cuca.al.gov.br ou presencialmente, na sede da secretaria, localizada na Pra\u00e7a Marechal Floriano Peixoto, s\/n &#8211; Centro, Macei\u00f3, de segunda a sexta-feira (exceto feriados), das 9h \u00e0s 16h, ou nos escrit\u00f3rios localizados nos munic\u00edpios de Marechal Deodoro (Regi\u00e3o Metropolitana), Uni\u00e3o dos Palmares (Serrana dos Quilombos), S\u00e3o Miguel dos Campos (Tabuleiros do Sul), Campestre (Regi\u00e3o Norte), Penedo (Baixo S\u00e3o Francisco), Santana do Ipanema (M\u00e9dio Sert\u00e3o), Arapiraca (Agreste), Delmiro Gouveia (Alto Sert\u00e3o) e Palmeira dos \u00cdndios (Planalto da Borborema).<\/p>\n<p>&nbsp;<\/p>\n<p><strong>Transpar\u00eancia<\/strong><\/p>\n<p>&nbsp;<\/p>\n<p>O processo seletivo dos editais da Lei Paulo Gustavo Alagoas seguir\u00e1 um cronograma detalhado para garantir transpar\u00eancia e efici\u00eancia. As inscri\u00e7\u00f5es estar\u00e3o abertas no at\u00e9 o dia 21 de novembro de 2023. Posteriormente, a an\u00e1lise do m\u00e9rito ocorrer\u00e1 de 22 a 27 de novembro, com o resultado preliminar sendo divulgado em 28 de novembro de 2023. Para garantir a integridade do processo, haver\u00e1 um per\u00edodo espec\u00edfico, de 28 de novembro a 30 de novembro, destinado \u00e0 interposi\u00e7\u00e3o de recursos \u00e0 an\u00e1lise do m\u00e9rito, seguido pela an\u00e1lise desses recursos de 28 de novembro a 1\u00b0 de dezembro de 2023. O resultado final da an\u00e1lise de m\u00e9rito ser\u00e1 anunciado em 4 de dezembro de 2023.<\/p>\n<p>&nbsp;<\/p>\n<p>Na sequ\u00eancia, o per\u00edodo de habilita\u00e7\u00e3o ocorrer\u00e1 de 5 a 8 de dezembro, com a an\u00e1lise desta fase programada para 9 a 12 de dezembro de 2023. O resultado preliminar da etapa de habilita\u00e7\u00e3o ser\u00e1 divulgado em 13 de dezembro, seguido por um per\u00edodo de interposi\u00e7\u00e3o de recursos de 14 a 18 de dezembro. A an\u00e1lise dos recursos \u00e0 habilita\u00e7\u00e3o acontecer\u00e1 de 14 a 19 de dezembro, com o resultado final previsto para 20 de dezembro de 2023. A homologa\u00e7\u00e3o do Resultado Final definitivo est\u00e1 marcada para 21 de dezembro, seguida pela assinatura do Termo de Execu\u00e7\u00e3o, programada para ocorrer de 21 a 22 de dezembro.<\/p>\n<p>&nbsp;<\/p>\n<p><strong>Por fim, o per\u00edodo de pagamento ser\u00e1 de 23 a 29 de dezembro de 2023.<\/strong><\/p>\n<p>&nbsp;<\/p>\n<p>&#8220;Os editais da Lei Paulo Gustavo Alagoas desempenhar\u00e3o um papel importante no cen\u00e1rio cultural e econ\u00f4mico do nosso estado, impulsionando o desenvolvimento art\u00edstico e proporcionando um suporte fundamental para os talentos locais. A diversidade de \u00e1reas contempladas nos 27 editais reflete nosso compromisso em abra\u00e7ar todas as formas de express\u00e3o cultural, promovendo inclus\u00e3o e diversidade&#8221;, enfatizou a secret\u00e1ria de Estado da Cultura e Economia Criativa, Mellina Freitas.<\/p>\n<p>&nbsp;<\/p>\n<p>Ao abordar a prorroga\u00e7\u00e3o do prazo de inscri\u00e7\u00f5es, a secret\u00e1ria destacou que essa decis\u00e3o \u00e9 mais uma demonstra\u00e7\u00e3o do comprometimento do Governo de Alagoas em atender \u00e0s necessidades dos segmentos culturais. &#8220;A prorroga\u00e7\u00e3o visa garantir que todos os interessados tenham a oportunidade de participar, refor\u00e7ando nosso compromisso com a equidade e acessibilidade \u00e0s oportunidades culturais em Alagoas&#8221;, completou Mellina.<\/p>\n<p>&nbsp;<\/p>\n<p>&nbsp;<\/p>\n<p>&nbsp;<\/p>\n<p>&nbsp;<\/p>\n<p><strong>por Ryan Charles e Daniel Borges\/Ascom Secult<\/strong><\/p>\n<p>&nbsp;<\/p>\n","protected":false},"excerpt":{"rendered":"<p>A Secretaria de Estado da Cultura e Economia Criativa (Secult) anunciou,por meio de suplemento no Di\u00e1rio Oficial do Estado de Alagoas da \u00faltima ter\u00e7a-feira (14), a prorroga\u00e7\u00e3o do prazo de inscri\u00e7\u00f5es para os 27 editais estaduais da Lei Paulo Gustavo. Os interessados agora t\u00eam at\u00e9 o dia 21 de novembro para se inscreverem. &nbsp; Os &hellip;<\/p>\n","protected":false},"author":2,"featured_media":29894,"comment_status":"open","ping_status":"open","sticky":false,"template":"","format":"standard","meta":{"_jetpack_memberships_contains_paid_content":false,"footnotes":""},"categories":[4,1],"tags":[],"class_list":["post-29893","post","type-post","status-publish","format-standard","has-post-thumbnail","hentry","category-alagoas","category-destaque"],"jetpack_featured_media_url":"https:\/\/www.oparanews.com.br\/wp-content\/uploads\/2023\/11\/cultura-anuncia-prorrogacao-para-os-editais-da-lei-paulo-gustavo-alagoas-scaled.jpg","jetpack_sharing_enabled":true,"_links":{"self":[{"href":"https:\/\/www.oparanews.com.br\/index.php\/wp-json\/wp\/v2\/posts\/29893","targetHints":{"allow":["GET"]}}],"collection":[{"href":"https:\/\/www.oparanews.com.br\/index.php\/wp-json\/wp\/v2\/posts"}],"about":[{"href":"https:\/\/www.oparanews.com.br\/index.php\/wp-json\/wp\/v2\/types\/post"}],"author":[{"embeddable":true,"href":"https:\/\/www.oparanews.com.br\/index.php\/wp-json\/wp\/v2\/users\/2"}],"replies":[{"embeddable":true,"href":"https:\/\/www.oparanews.com.br\/index.php\/wp-json\/wp\/v2\/comments?post=29893"}],"version-history":[{"count":1,"href":"https:\/\/www.oparanews.com.br\/index.php\/wp-json\/wp\/v2\/posts\/29893\/revisions"}],"predecessor-version":[{"id":29895,"href":"https:\/\/www.oparanews.com.br\/index.php\/wp-json\/wp\/v2\/posts\/29893\/revisions\/29895"}],"wp:featuredmedia":[{"embeddable":true,"href":"https:\/\/www.oparanews.com.br\/index.php\/wp-json\/wp\/v2\/media\/29894"}],"wp:attachment":[{"href":"https:\/\/www.oparanews.com.br\/index.php\/wp-json\/wp\/v2\/media?parent=29893"}],"wp:term":[{"taxonomy":"category","embeddable":true,"href":"https:\/\/www.oparanews.com.br\/index.php\/wp-json\/wp\/v2\/categories?post=29893"},{"taxonomy":"post_tag","embeddable":true,"href":"https:\/\/www.oparanews.com.br\/index.php\/wp-json\/wp\/v2\/tags?post=29893"}],"curies":[{"name":"wp","href":"https:\/\/api.w.org\/{rel}","templated":true}]}}