{"id":29912,"date":"2023-11-17T08:12:10","date_gmt":"2023-11-17T11:12:10","guid":{"rendered":"https:\/\/www.oparanews.com.br\/?p=29912"},"modified":"2023-11-17T08:12:10","modified_gmt":"2023-11-17T11:12:10","slug":"prefeito-ronaldo-lopes-apresenta-programa-acelera-penedo-para-vereadores","status":"publish","type":"post","link":"https:\/\/www.oparanews.com.br\/index.php\/2023\/11\/17\/prefeito-ronaldo-lopes-apresenta-programa-acelera-penedo-para-vereadores\/","title":{"rendered":"Prefeito Ronaldo Lopes apresenta Programa Acelera Penedo para vereadores"},"content":{"rendered":"<p>O Prefeito Ronaldo Lopes apresentou o Programa Acelera Penedo (PAP) aos vereadores durante reuni\u00e3o realizada nesta quinta-feira, 16, na sede da Prefeitura de Penedo.<\/p>\n<p>&nbsp;<\/p>\n<p>O PAP tem como objetivo realizar melhorias significativas na infraestrutura do munic\u00edpio, investimento que visa enriquecer a qualidade de vida dos cidad\u00e3os, impulsionando diversos setores, principalmente o turismo e o com\u00e9rcio.<\/p>\n<p>&nbsp;<\/p>\n<p>Al\u00e9m do Prefeito Ronaldo Lopes, participaram da agenda de trabalho o Presidente da C\u00e2mara Municipal de Penedo, Vereador Messias da Fil\u00f3; e os vereadores Bili Marques, Denys Reis, Dr. Epson, Roberto da Farm\u00e1cia, Derivan Thomaz, Sargento Marival, Marcelo Pereira, Raquel Tavares, Rodrigo Regueira e Ernande Pinheiro.<\/p>\n<p>&nbsp;<\/p>\n<p>A reuni\u00e3o tamb\u00e9m contou com a participa\u00e7\u00e3o do Chefe de Gabinete, Pedro Soares; do Secret\u00e1rio Municipal de Comunica\u00e7\u00e3o, Kim Emmanuel; do Secret\u00e1rio de Meio Ambiente e Recursos H\u00eddricos, Irm\u00e3o Jo\u00e3o; e da representante da Secretaria Municipal de Turismo e Economia Criativa, Karlinne Cordeiro, demonstrando a abrang\u00eancia e o engajamento de diferentes setores da administra\u00e7\u00e3o p\u00fablica de Penedo.<\/p>\n<p>&nbsp;<\/p>\n<p>Durante a reuni\u00e3o, Ronaldo Lopes expressou sua vis\u00e3o e expectativas com rela\u00e7\u00e3o ao Programa Acelera Penedo. Ele destacou:<\/p>\n<p>&nbsp;<\/p>\n<p>\u201cEste programa \u00e9 um passo significativo para transformar Penedo, n\u00e3o apenas melhorando a infraestrutura, mas tamb\u00e9m impulsionando o turismo e o desenvolvimento econ\u00f4mico. J\u00e1 alcan\u00e7amos o marco de sermos reconhecidos como Cidade Criativa da Unesco. Agora, estamos focados em completar todas as etapas necess\u00e1rias para nos estabelecermos como Destino Tur\u00edstico Inteligente, o que, sem d\u00favida, trar\u00e1 benef\u00edcios duradouros e far\u00e1 de nossa bela cidade um exemplo de inova\u00e7\u00e3o e crescimento\u201d, compromisso da administra\u00e7\u00e3o municipal que promove mudan\u00e7as significativas e duradouras para o povo de Penedo.<\/p>\n<p>&nbsp;<\/p>\n<p>Os vereadores se mostraram impressionados com a variedade e o alcance dos projetos apresentados, concordando que o PAP pode transformar Penedo de forma in\u00e9dita.<\/p>\n<p>&nbsp;<\/p>\n<p>Ronaldo Lopes tamb\u00e9m planeja envolver outras partes da sociedade no desenvolvimento do PAP, convidando representantes do com\u00e9rcio, do turismo e l\u00edderes comunit\u00e1rios para contribu\u00edrem com suas perspectivas.<\/p>\n<p>&nbsp;<\/p>\n<p>Ele enfatiza o papel vital dos vereadores em seu apoio ao programa, ressaltando a import\u00e2ncia deles no avan\u00e7o da cidade. O projeto de lei do PAP ser\u00e1 enviado \u00e0 C\u00e2mara, onde espera-se que receba forte apoio dos vereadores, demonstrando o comprometimento de todos com o progresso de Penedo.<\/p>\n<p>&nbsp;<\/p>\n<p>&nbsp;<\/p>\n<p>&nbsp;<\/p>\n<p><strong>Fonte: Secom PMP<\/strong><\/p>\n<p>&nbsp;<\/p>\n","protected":false},"excerpt":{"rendered":"<p>O Prefeito Ronaldo Lopes apresentou o Programa Acelera Penedo (PAP) aos vereadores durante reuni\u00e3o realizada nesta quinta-feira, 16, na sede da Prefeitura de Penedo. &nbsp; O PAP tem como objetivo realizar melhorias significativas na infraestrutura do munic\u00edpio, investimento que visa enriquecer a qualidade de vida dos cidad\u00e3os, impulsionando diversos setores, principalmente o turismo e o &hellip;<\/p>\n","protected":false},"author":2,"featured_media":29913,"comment_status":"open","ping_status":"open","sticky":false,"template":"","format":"standard","meta":{"_jetpack_memberships_contains_paid_content":false,"footnotes":""},"categories":[1,3],"tags":[],"class_list":["post-29912","post","type-post","status-publish","format-standard","has-post-thumbnail","hentry","category-destaque","category-penedo"],"jetpack_featured_media_url":"https:\/\/www.oparanews.com.br\/wp-content\/uploads\/2023\/11\/Snapshot.png","jetpack_sharing_enabled":true,"_links":{"self":[{"href":"https:\/\/www.oparanews.com.br\/index.php\/wp-json\/wp\/v2\/posts\/29912","targetHints":{"allow":["GET"]}}],"collection":[{"href":"https:\/\/www.oparanews.com.br\/index.php\/wp-json\/wp\/v2\/posts"}],"about":[{"href":"https:\/\/www.oparanews.com.br\/index.php\/wp-json\/wp\/v2\/types\/post"}],"author":[{"embeddable":true,"href":"https:\/\/www.oparanews.com.br\/index.php\/wp-json\/wp\/v2\/users\/2"}],"replies":[{"embeddable":true,"href":"https:\/\/www.oparanews.com.br\/index.php\/wp-json\/wp\/v2\/comments?post=29912"}],"version-history":[{"count":1,"href":"https:\/\/www.oparanews.com.br\/index.php\/wp-json\/wp\/v2\/posts\/29912\/revisions"}],"predecessor-version":[{"id":29914,"href":"https:\/\/www.oparanews.com.br\/index.php\/wp-json\/wp\/v2\/posts\/29912\/revisions\/29914"}],"wp:featuredmedia":[{"embeddable":true,"href":"https:\/\/www.oparanews.com.br\/index.php\/wp-json\/wp\/v2\/media\/29913"}],"wp:attachment":[{"href":"https:\/\/www.oparanews.com.br\/index.php\/wp-json\/wp\/v2\/media?parent=29912"}],"wp:term":[{"taxonomy":"category","embeddable":true,"href":"https:\/\/www.oparanews.com.br\/index.php\/wp-json\/wp\/v2\/categories?post=29912"},{"taxonomy":"post_tag","embeddable":true,"href":"https:\/\/www.oparanews.com.br\/index.php\/wp-json\/wp\/v2\/tags?post=29912"}],"curies":[{"name":"wp","href":"https:\/\/api.w.org\/{rel}","templated":true}]}}