{"id":29915,"date":"2023-11-17T17:44:03","date_gmt":"2023-11-17T20:44:03","guid":{"rendered":"https:\/\/www.oparanews.com.br\/?p=29915"},"modified":"2023-11-17T17:44:03","modified_gmt":"2023-11-17T20:44:03","slug":"semed-divulga-resultado-final-do-pss-gestor-escolar","status":"publish","type":"post","link":"https:\/\/www.oparanews.com.br\/index.php\/2023\/11\/17\/semed-divulga-resultado-final-do-pss-gestor-escolar\/","title":{"rendered":"Semed divulga resultado final do PSS Gestor Escolar"},"content":{"rendered":"<p>A Secretaria Municipal de Educa\u00e7\u00e3o (SEMED) divulgou nesta sexta-feira, 17, o resultado final do Processo de Sele\u00e7\u00e3o Simplificada (PSS) para Gestores Escolares lan\u00e7ado pela Prefeitura de Penedo, uma iniciativa in\u00e9dita na educa\u00e7\u00e3o do munic\u00edpio.<\/p>\n<p>&nbsp;<\/p>\n<p>A pontua\u00e7\u00e3o dos profissionais em educa\u00e7\u00e3o que avan\u00e7aram at\u00e9 a etapa final do processo que define diretor e diretor adjunto de unidades de ensino da Prefeitura de Penedo \u00e9 referente \u00e0s avalia\u00e7\u00f5es da prova objetiva, an\u00e1lise de t\u00edtulos e apresenta\u00e7\u00e3o do Plano de Gest\u00e3o de cada candidato(a).<\/p>\n<p>&nbsp;<\/p>\n<p>Vale ressaltar que as unidades da SEMED que n\u00e3o apresentarem inscri\u00e7\u00f5es ter\u00e3o os cargos de gest\u00e3o escolar definidos por candidatos aprovados no mesmo processo, conforme direcionamento para as vagas em aberto.<\/p>\n<p>&nbsp;<\/p>\n<ol>\n<li>\u00a0 \u00a0 \u00a0\u00a0<b>EMEB IRM\u00c3 JOLENTA<\/b><\/li>\n<\/ol>\n<table>\n<tbody>\n<tr>\n<td><b>NOME DO CANDIDATO<\/b><\/td>\n<td><b>PONTUA\u00c7\u00c3O FINAL<\/b><\/td>\n<\/tr>\n<tr>\n<td>Jane Freire de Souza Santos (Diretora)<\/td>\n<td>22,30<\/td>\n<\/tr>\n<\/tbody>\n<\/table>\n<p>&nbsp;<\/p>\n<ol start=\"2\">\n<li><b><\/b>\u00a0 \u00a0 \u00a0\u00a0<b>EMEB SANTA LUZIA<\/b><\/li>\n<\/ol>\n<table>\n<tbody>\n<tr>\n<td><b>NOME DO CANDIDATO<\/b><\/td>\n<td><b>PONTUA\u00c7\u00c3O FINAL<\/b><\/td>\n<\/tr>\n<tr>\n<td>Meire Cl\u00e9sia dos Santos (Diretora)<\/td>\n<td>23,25<\/td>\n<\/tr>\n<tr>\n<td>Rosilva In\u00e1cio Dos Santos (Diretora Adjunta)<\/td>\n<td>19,85<\/td>\n<\/tr>\n<\/tbody>\n<\/table>\n<p>&nbsp;<\/p>\n<ol start=\"3\">\n<li><b><\/b>\u00a0 \u00a0 \u00a0\u00a0<b>EMEB ROTARY<\/b><\/li>\n<\/ol>\n<table>\n<tbody>\n<tr>\n<td><b>NOME DO CANDIDATO<\/b><\/td>\n<td><b>PONTUA\u00c7\u00c3O FINAL<\/b><\/td>\n<\/tr>\n<tr>\n<td>Bernadete Soares da Silva (Diretora)<\/td>\n<td>21,25<\/td>\n<\/tr>\n<\/tbody>\n<\/table>\n<p>&nbsp;<\/p>\n<ol start=\"4\">\n<li><b><\/b>\u00a0 \u00a0 \u00a0\u00a0<b>EMEB BAR\u00c3O DE PENEDO<\/b><\/li>\n<\/ol>\n<table>\n<tbody>\n<tr>\n<td><b>NOME DO CANDIDATO<\/b><\/td>\n<td><b>PONTUA\u00c7\u00c3O FINAL<\/b><\/td>\n<\/tr>\n<tr>\n<td>Rosete Ara\u00fajo de Oliveira Soares (Diretora Adjunta)<\/td>\n<td>18,05<\/td>\n<\/tr>\n<\/tbody>\n<\/table>\n<p>&nbsp;<\/p>\n<ol start=\"5\">\n<li><b><\/b>\u00a0 \u00a0 \u00a0\u00a0<b>EMEB DOM CONSTANTINO<\/b><\/li>\n<\/ol>\n<table>\n<tbody>\n<tr>\n<td><b>NOME DO CANDIDATO<\/b><\/td>\n<td><b>PONTUA\u00c7\u00c3O FINAL<\/b><\/td>\n<\/tr>\n<tr>\n<td>Adriana Vieira Santos (Diretora)<\/td>\n<td>20,15<\/td>\n<\/tr>\n<\/tbody>\n<\/table>\n<p>&nbsp;<\/p>\n<ol start=\"6\">\n<li><b><\/b>\u00a0 \u00a0 \u00a0\u00a0<b>EMEB MANOEL TAVARES<\/b><\/li>\n<\/ol>\n<table>\n<tbody>\n<tr>\n<td><b>N\u00c3O HOUVE CLASSIFICADOS<\/b><\/td>\n<\/tr>\n<\/tbody>\n<\/table>\n<ol start=\"7\">\n<li><b><\/b>\u00a0 \u00a0 \u00a0\u00a0<b>EMEB JOSEF BERGMANN<\/b><\/li>\n<\/ol>\n<table>\n<tbody>\n<tr>\n<td><b>NOME DO CANDIDATO<\/b><\/td>\n<td><b>PONTUA\u00c7\u00c3O FINAL<\/b><\/td>\n<\/tr>\n<tr>\n<td>Gilva Vieira (Diretora)<\/td>\n<td>22,45<\/td>\n<\/tr>\n<\/tbody>\n<\/table>\n<p>&nbsp;<\/p>\n<ol start=\"8\">\n<li><b><\/b>\u00a0 \u00a0 \u00a0\u00a0<b>EMEB PROFESSORA HELENA DE OLIVEIRA CARVALHO<\/b><\/li>\n<\/ol>\n<table>\n<tbody>\n<tr>\n<td><b>NOME DO CANDIDATO<\/b><\/td>\n<td><b>PONTUA\u00c7\u00c3O FINAL<\/b><\/td>\n<\/tr>\n<tr>\n<td>Daniele Lima Dantas (Diretora)<\/td>\n<td>21,55<\/td>\n<\/tr>\n<\/tbody>\n<\/table>\n<p><b>\u00a0<\/b><\/p>\n<ol start=\"9\">\n<li><b><\/b>\u00a0 \u00a0 \u00a0\u00a0<b>EMEB JOS\u00c9 DA COSTA MANGABEIRA<\/b><\/li>\n<\/ol>\n<table>\n<tbody>\n<tr>\n<td><b>NOME DO CANDIDATO<\/b><\/td>\n<td><b>PONTUA\u00c7\u00c3O FINAL<\/b><\/td>\n<\/tr>\n<tr>\n<td>Sara Ferreira Melo Barreto ( Diretora)<\/td>\n<td>23,45<\/td>\n<\/tr>\n<tr>\n<td>Adriana Francisca Belo Gois ( Diretora Adjunta)<\/td>\n<td>19,03<\/td>\n<\/tr>\n<\/tbody>\n<\/table>\n<p>&nbsp;<\/p>\n<ol start=\"10\">\n<li><b><\/b>\u00a0\u00a0<b>EMEB MANOEL SOARES DE MELO<\/b><\/li>\n<\/ol>\n<table>\n<tbody>\n<tr>\n<td><b>NOME DO CANDIDATO<\/b><\/td>\n<td><b>PONTUA\u00c7\u00c3O FINAL<\/b><\/td>\n<\/tr>\n<tr>\n<td>Alessandra dos Santos (Diretora)<\/td>\n<td>16,65<\/td>\n<\/tr>\n<\/tbody>\n<\/table>\n<p>&nbsp;<\/p>\n<ol start=\"11\">\n<li><b><\/b>\u00a0\u00a0<b>EMEB DOUGLAS APRATTO TEN\u00d3RIO<\/b><\/li>\n<\/ol>\n<table>\n<tbody>\n<tr>\n<td><b>N\u00c3O HOUVE CLASSIFICADOS<\/b><\/td>\n<\/tr>\n<\/tbody>\n<\/table>\n<p>&nbsp;<\/p>\n<ol start=\"12\">\n<li><b><\/b>\u00a0\u00a0<b>EMEB PROFESSOR WILTON LUCENA<\/b><\/li>\n<\/ol>\n<p>&nbsp;<\/p>\n<table>\n<tbody>\n<tr>\n<td><b>N\u00c3O HOUVE CLASSIFICADOS<\/b><\/td>\n<\/tr>\n<\/tbody>\n<\/table>\n<p><b>\u00a0<\/b><\/p>\n<ol start=\"13\">\n<li><b><\/b>\u00a0\u00a0<b>EMEB HANNA BERTHOLET<\/b><\/li>\n<\/ol>\n<p>&nbsp;<\/p>\n<table>\n<tbody>\n<tr>\n<td><b>N\u00c3O HOUVE INSCRITOS<\/b><\/td>\n<\/tr>\n<\/tbody>\n<\/table>\n<p><b>\u00a0<\/b><\/p>\n<ol start=\"14\">\n<li><b><\/b>\u00a0\u00a0<b>EMEB ISABEL CRISTINA ALVES TOLEDO<\/b><\/li>\n<\/ol>\n<p>&nbsp;<\/p>\n<table>\n<tbody>\n<tr>\n<td><b>N\u00c3O HOUVE CLASSIFICADOS<\/b><\/td>\n<\/tr>\n<\/tbody>\n<\/table>\n<p><b>\u00a0<\/b><\/p>\n<ol start=\"15\">\n<li><b><\/b>\u00a0\u00a0<b>EMEB SANTA C\u00c2NDIDA<\/b><\/li>\n<\/ol>\n<table>\n<tbody>\n<tr>\n<td><b>NOME DO CANDIDATO<\/b><\/td>\n<td><b>PONTUA\u00c7\u00c3O FINAL<\/b><\/td>\n<\/tr>\n<tr>\n<td>Rosiran Barbosa Fontes de Oliveira (Diretora)<\/td>\n<td>21,45<\/td>\n<\/tr>\n<\/tbody>\n<\/table>\n<p>&nbsp;<\/p>\n<ol start=\"16\">\n<li><b><\/b>\u00a0\u00a0<b>EMEB S\u00c3O JO\u00c3O BATISTA<\/b><\/li>\n<\/ol>\n<p>&nbsp;<\/p>\n<table>\n<tbody>\n<tr>\n<td><b>N\u00c3O HOUVE CLASSIFICADOS<\/b><\/td>\n<\/tr>\n<\/tbody>\n<\/table>\n<p><b>\u00a0<\/b><\/p>\n<ol start=\"17\">\n<li><b><\/b>\u00a0\u00a0<b>EMEB ENGENHEIRO ANT\u00d4NIO C\u00c2NDIDO TOLEDO<\/b><\/li>\n<\/ol>\n<table>\n<tbody>\n<tr>\n<td><b>NOME DO CANDIDATO<\/b><\/td>\n<td><b>PONTUA\u00c7\u00c3O FINAL<\/b><\/td>\n<\/tr>\n<tr>\n<td>K\u00e1tia Maria Monteiro Soares (Diretora)<\/td>\n<td>20,35<\/td>\n<\/tr>\n<\/tbody>\n<\/table>\n<ol start=\"18\">\n<li><b><\/b>\u00a0\u00a0<b>EMEB JO\u00c3O XXIII<\/b><\/li>\n<\/ol>\n<p>&nbsp;<\/p>\n<table>\n<tbody>\n<tr>\n<td><b>NOME DO CANDIDATO<\/b><\/td>\n<td><b>PONTUA\u00c7\u00c3O FINAL<\/b><\/td>\n<\/tr>\n<tr>\n<td>Jandira da Silva Batista (Diretora)<\/td>\n<td>17,85<\/td>\n<\/tr>\n<tr>\n<td colspan=\"2\"><b>N\u00c3O HOUVE CLASSIFICADOS<\/b><\/td>\n<\/tr>\n<\/tbody>\n<\/table>\n<p><b>\u00a0<\/b><\/p>\n<ol start=\"19\">\n<li><b><\/b>\u00a0\u00a0<b>EMEB MARIA DA GL\u00d3RIA PIMENTEIRA<\/b><\/li>\n<\/ol>\n<p>&nbsp;<\/p>\n<table>\n<tbody>\n<tr>\n<td><b>N\u00c3O HOUVE CLASSIFICADOS<\/b><\/td>\n<\/tr>\n<\/tbody>\n<\/table>\n<p>&nbsp;<\/p>\n<ol start=\"20\">\n<li><b><\/b>\u00a0\u00a0<b>EMEB PAULO VI<\/b><\/li>\n<\/ol>\n<table>\n<tbody>\n<tr>\n<td><b>NOME DO CANDIDATO<\/b><\/td>\n<td><b>PONTUA\u00c7\u00c3O FINAL<\/b><\/td>\n<\/tr>\n<tr>\n<td>Rosa Maria dos Santos (Diretora)<\/td>\n<td>19,06<\/td>\n<\/tr>\n<\/tbody>\n<\/table>\n<p><b>\u00a0<\/b><\/p>\n<ol start=\"21\">\n<li><b><\/b>\u00a0\u00a0<b>EMEB PROFESSOR IR\u00caNIO ARA\u00daJO<\/b><\/li>\n<\/ol>\n<p>&nbsp;<\/p>\n<table>\n<tbody>\n<tr>\n<td><b>N\u00c3O HOUVE CLASSIFICADOS<\/b><\/td>\n<\/tr>\n<\/tbody>\n<\/table>\n<p>&nbsp;<\/p>\n<ol start=\"22\">\n<li><b><\/b>\u00a0\u00a0<b>EMEB C\u00d4NEGO TEOT\u00d4NIO RIBEIRO<\/b><\/li>\n<\/ol>\n<p>&nbsp;<\/p>\n<table>\n<tbody>\n<tr>\n<td><b>N\u00c3O HOUVE CLASSIFICADOS<\/b><\/td>\n<\/tr>\n<\/tbody>\n<\/table>\n<p>&nbsp;<\/p>\n<ol start=\"23\">\n<li><b><\/b>\u00a0\u00a0<b>EMEB PROFESSOR ARLINDO FERREIRA DE MORAIS<\/b><\/li>\n<\/ol>\n<p>&nbsp;<\/p>\n<table>\n<tbody>\n<tr>\n<td><b>N\u00c3O HOUVE CLASSIFICADOS<\/b><\/td>\n<\/tr>\n<\/tbody>\n<\/table>\n<p><b>\u00a0<\/b><\/p>\n<ol start=\"24\">\n<li><b><\/b>\u00a0\u00a0<b>EMEB SANTO ANT\u00d4NIO<\/b><\/li>\n<\/ol>\n<p>&nbsp;<\/p>\n<table>\n<tbody>\n<tr>\n<td><b>N\u00c3O HOUVE CLASSIFICADOS<\/b><\/td>\n<\/tr>\n<\/tbody>\n<\/table>\n<p>&nbsp;<\/p>\n<ol start=\"25\">\n<li><b><\/b>\u00a0\u00a0<b>CRECHE MUNICIPAL VOV\u00d4 JUDITH<\/b><\/li>\n<\/ol>\n<table>\n<tbody>\n<tr>\n<td><b>NOME DO CANDIDATO<\/b><\/td>\n<td><b>PONTUA\u00c7\u00c3O FINAL<\/b><\/td>\n<\/tr>\n<tr>\n<td>MICHELINE N. DE SANTANA BARROS (Diretora)<\/td>\n<td>19,85<\/td>\n<\/tr>\n<\/tbody>\n<\/table>\n<p>&nbsp;<\/p>\n<ol start=\"26\">\n<li><b><\/b>\u00a0\u00a0<b>CRECHE MUNICIPAL DENILMA BULH\u00d5ES<\/b><\/li>\n<\/ol>\n<table>\n<tbody>\n<tr>\n<td><b>NOME DO CANDIDATO<\/b><\/td>\n<td><b>PONTUA\u00c7\u00c3O FINAL<\/b><\/td>\n<\/tr>\n<tr>\n<td>ELMA DE ASSIS SANTOS (Diretora)<\/td>\n<td>18,65<\/td>\n<\/tr>\n<\/tbody>\n<\/table>\n<p><b>\u00a0<\/b><\/p>\n<ol start=\"27\">\n<li><b><\/b>\u00a0\u00a0<b>CRECHE MUNICIPAL MENINO JESUS<\/b><\/li>\n<\/ol>\n<table>\n<tbody>\n<tr>\n<td><b>NOME DO CANDIDATO<\/b><\/td>\n<td><b>PONTUA\u00c7\u00c3O FINAL<\/b><\/td>\n<\/tr>\n<tr>\n<td>DORCELINA MARTINS MORAIS DIAS (Diretora)<\/td>\n<td>20,85<\/td>\n<\/tr>\n<\/tbody>\n<\/table>\n<p><b>\u00a0<\/b><\/p>\n<ol start=\"28\">\n<li><b><\/b>\u00a0\u00a0<b>CRECHE MUNICIPAL ROSETE ANDRADE\u00b4<\/b><\/li>\n<\/ol>\n<table>\n<tbody>\n<tr>\n<td><b>N\u00c3O HOUVE CLASSIFICADOS<\/b><\/td>\n<\/tr>\n<\/tbody>\n<\/table>\n<p>&nbsp;<\/p>\n<ol start=\"29\">\n<li><b><\/b>\u00a0\u00a0<b>CRECHE MUNICIPAL L\u00daCIA NOGUEIRA<\/b><\/li>\n<\/ol>\n<p>&nbsp;<\/p>\n<table>\n<tbody>\n<tr>\n<td><b>N\u00c3O HOUVE CLASSIFICADOS<\/b><\/td>\n<\/tr>\n<\/tbody>\n<\/table>\n<p><b>\u00a0<\/b><\/p>\n<ol start=\"30\">\n<li><b><\/b>\u00a0\u00a0<b>CENTRO MUNICIPAL DE EDUCA\u00c7\u00c3O INFANTIL EVERALDO PEIXOTO GAMA<\/b><\/li>\n<\/ol>\n<table>\n<tbody>\n<tr>\n<td><b>NOME DO CANDIDATO<\/b><\/td>\n<td><b>PONTUA\u00c7\u00c3O FINAL<\/b><\/td>\n<\/tr>\n<tr>\n<td>Maria Jos\u00e9 de Souza Silva (Diretora)<\/td>\n<td>18,15<\/td>\n<\/tr>\n<\/tbody>\n<\/table>\n<p>&nbsp;<\/p>\n<p>&nbsp;<\/p>\n<p>&nbsp;<\/p>\n<p>&nbsp;<\/p>\n<p><strong>Fonte: Secom PMP<\/strong><\/p>\n<p>&nbsp;<\/p>\n","protected":false},"excerpt":{"rendered":"<p>A Secretaria Municipal de Educa\u00e7\u00e3o (SEMED) divulgou nesta sexta-feira, 17, o resultado final do Processo de Sele\u00e7\u00e3o Simplificada (PSS) para Gestores Escolares lan\u00e7ado pela Prefeitura de Penedo, uma iniciativa in\u00e9dita na educa\u00e7\u00e3o do munic\u00edpio. &nbsp; A pontua\u00e7\u00e3o dos profissionais em educa\u00e7\u00e3o que avan\u00e7aram at\u00e9 a etapa final do processo que define diretor e diretor adjunto &hellip;<\/p>\n","protected":false},"author":2,"featured_media":29916,"comment_status":"open","ping_status":"open","sticky":false,"template":"","format":"standard","meta":{"_jetpack_memberships_contains_paid_content":false,"footnotes":""},"categories":[1,3],"tags":[],"class_list":["post-29915","post","type-post","status-publish","format-standard","has-post-thumbnail","hentry","category-destaque","category-penedo"],"jetpack_featured_media_url":"https:\/\/www.oparanews.com.br\/wp-content\/uploads\/2023\/11\/WhatsApp-Image-2023-11-17-at-14.49.42.jpeg","jetpack_sharing_enabled":true,"_links":{"self":[{"href":"https:\/\/www.oparanews.com.br\/index.php\/wp-json\/wp\/v2\/posts\/29915","targetHints":{"allow":["GET"]}}],"collection":[{"href":"https:\/\/www.oparanews.com.br\/index.php\/wp-json\/wp\/v2\/posts"}],"about":[{"href":"https:\/\/www.oparanews.com.br\/index.php\/wp-json\/wp\/v2\/types\/post"}],"author":[{"embeddable":true,"href":"https:\/\/www.oparanews.com.br\/index.php\/wp-json\/wp\/v2\/users\/2"}],"replies":[{"embeddable":true,"href":"https:\/\/www.oparanews.com.br\/index.php\/wp-json\/wp\/v2\/comments?post=29915"}],"version-history":[{"count":1,"href":"https:\/\/www.oparanews.com.br\/index.php\/wp-json\/wp\/v2\/posts\/29915\/revisions"}],"predecessor-version":[{"id":29917,"href":"https:\/\/www.oparanews.com.br\/index.php\/wp-json\/wp\/v2\/posts\/29915\/revisions\/29917"}],"wp:featuredmedia":[{"embeddable":true,"href":"https:\/\/www.oparanews.com.br\/index.php\/wp-json\/wp\/v2\/media\/29916"}],"wp:attachment":[{"href":"https:\/\/www.oparanews.com.br\/index.php\/wp-json\/wp\/v2\/media?parent=29915"}],"wp:term":[{"taxonomy":"category","embeddable":true,"href":"https:\/\/www.oparanews.com.br\/index.php\/wp-json\/wp\/v2\/categories?post=29915"},{"taxonomy":"post_tag","embeddable":true,"href":"https:\/\/www.oparanews.com.br\/index.php\/wp-json\/wp\/v2\/tags?post=29915"}],"curies":[{"name":"wp","href":"https:\/\/api.w.org\/{rel}","templated":true}]}}