{"id":29921,"date":"2023-11-18T22:54:07","date_gmt":"2023-11-19T01:54:07","guid":{"rendered":"https:\/\/www.oparanews.com.br\/?p=29921"},"modified":"2023-11-18T22:54:07","modified_gmt":"2023-11-19T01:54:07","slug":"quatro-banhistas-sao-resgatados-apos-afogamento-na-praia-do-frances","status":"publish","type":"post","link":"https:\/\/www.oparanews.com.br\/index.php\/2023\/11\/18\/quatro-banhistas-sao-resgatados-apos-afogamento-na-praia-do-frances\/","title":{"rendered":"Quatro banhistas s\u00e3o resgatados ap\u00f3s afogamento na praia do Franc\u00eas"},"content":{"rendered":"<p>Quatro banhistas foram socorridos por militares do Corpo de Bombeiros na praia do Franc\u00eas, em Marechal Deodoro, Regi\u00e3o Metropolitana de Macei\u00f3, depois de afogamento ocorrido na tarde deste s\u00e1bado (18).<\/p>\n<p>&nbsp;<\/p>\n<p>As v\u00edtimas &#8211; dois jovens de 18 e 20 anos e dois adolescentes de 12 e 15 anos &#8211; , foram resgatados em seguran\u00e7a e receberam atendimento ainda no local, sendo liberados em seguida.<\/p>\n<p>&nbsp;<\/p>\n<p>Tamb\u00e9m na tarde deste s\u00e1bado, oito militares do Corpo de Bombeiros resgataram uma v\u00edtima de afogamento na praia do Pontal da Barra, em Macei\u00f3. Sexo, identidade e idade da v\u00edtima n\u00e3o foram divulgados.<\/p>\n<p>&nbsp;<\/p>\n<p>&nbsp;<\/p>\n<p>&nbsp;<\/p>\n<p><strong>Fonte: Gazetaweb<\/strong><\/p>\n<p>&nbsp;<\/p>\n","protected":false},"excerpt":{"rendered":"<p>Quatro banhistas foram socorridos por militares do Corpo de Bombeiros na praia do Franc\u00eas, em Marechal Deodoro, Regi\u00e3o Metropolitana de Macei\u00f3, depois de afogamento ocorrido na tarde deste s\u00e1bado (18). &nbsp; As v\u00edtimas &#8211; dois jovens de 18 e 20 anos e dois adolescentes de 12 e 15 anos &#8211; , foram resgatados em seguran\u00e7a &hellip;<\/p>\n","protected":false},"author":2,"featured_media":29922,"comment_status":"open","ping_status":"open","sticky":false,"template":"","format":"standard","meta":{"_jetpack_memberships_contains_paid_content":false,"footnotes":""},"categories":[4,1],"tags":[],"class_list":["post-29921","post","type-post","status-publish","format-standard","has-post-thumbnail","hentry","category-alagoas","category-destaque"],"jetpack_featured_media_url":"https:\/\/www.oparanews.com.br\/wp-content\/uploads\/2023\/11\/10-07-2020_Salva-vidas_-_Bombeiro.2e16d0ba.fill-1120x700-1.jpg","jetpack_sharing_enabled":true,"_links":{"self":[{"href":"https:\/\/www.oparanews.com.br\/index.php\/wp-json\/wp\/v2\/posts\/29921","targetHints":{"allow":["GET"]}}],"collection":[{"href":"https:\/\/www.oparanews.com.br\/index.php\/wp-json\/wp\/v2\/posts"}],"about":[{"href":"https:\/\/www.oparanews.com.br\/index.php\/wp-json\/wp\/v2\/types\/post"}],"author":[{"embeddable":true,"href":"https:\/\/www.oparanews.com.br\/index.php\/wp-json\/wp\/v2\/users\/2"}],"replies":[{"embeddable":true,"href":"https:\/\/www.oparanews.com.br\/index.php\/wp-json\/wp\/v2\/comments?post=29921"}],"version-history":[{"count":1,"href":"https:\/\/www.oparanews.com.br\/index.php\/wp-json\/wp\/v2\/posts\/29921\/revisions"}],"predecessor-version":[{"id":29923,"href":"https:\/\/www.oparanews.com.br\/index.php\/wp-json\/wp\/v2\/posts\/29921\/revisions\/29923"}],"wp:featuredmedia":[{"embeddable":true,"href":"https:\/\/www.oparanews.com.br\/index.php\/wp-json\/wp\/v2\/media\/29922"}],"wp:attachment":[{"href":"https:\/\/www.oparanews.com.br\/index.php\/wp-json\/wp\/v2\/media?parent=29921"}],"wp:term":[{"taxonomy":"category","embeddable":true,"href":"https:\/\/www.oparanews.com.br\/index.php\/wp-json\/wp\/v2\/categories?post=29921"},{"taxonomy":"post_tag","embeddable":true,"href":"https:\/\/www.oparanews.com.br\/index.php\/wp-json\/wp\/v2\/tags?post=29921"}],"curies":[{"name":"wp","href":"https:\/\/api.w.org\/{rel}","templated":true}]}}