{"id":29943,"date":"2023-11-21T15:13:02","date_gmt":"2023-11-21T18:13:02","guid":{"rendered":"https:\/\/www.oparanews.com.br\/?p=29943"},"modified":"2023-11-21T15:13:02","modified_gmt":"2023-11-21T18:13:02","slug":"escola-estadual-dr-alcides-andrade-de-penedo-conquista-o-ouro-na-edicao-2023-da-matexpo-da-ufal-al","status":"publish","type":"post","link":"https:\/\/www.oparanews.com.br\/index.php\/2023\/11\/21\/escola-estadual-dr-alcides-andrade-de-penedo-conquista-o-ouro-na-edicao-2023-da-matexpo-da-ufal-al\/","title":{"rendered":"Escola Estadual Dr. Alcides Andrade, de Penedo, conquista o Ouro na edi\u00e7\u00e3o 2023 da MatExpo da UFAL\/AL"},"content":{"rendered":"<p>As escolas estaduais Alcides Andrade, de Penedo, e Carlos Gomes, de Uni\u00e3o dos Palmares, foram destaque na edi\u00e7\u00e3o 2023 da MatExpo, da Universidade Federal de Alagoas (Ufal), conquistando, respectivamente, ouro e prata no N\u00edvel 3, categoria que corresponde ao ensino m\u00e9dio. A premia\u00e7\u00e3o ocorreu no \u00faltimo dia 17, no Audit\u00f3rio da Reitoria da Ufal, no Campus A.C Sim\u00f5es, em Macei\u00f3.<\/p>\n<p>&nbsp;<\/p>\n<p>A MatExpo foi uma das atra\u00e7\u00f5es da Matfest, encontro promovido pelo Instituto de Matem\u00e1tica da Ufal e que contou com uma vasta programa\u00e7\u00e3o de palestras, exposi\u00e7\u00f5es e a realiza\u00e7\u00e3o da MatExpo e da premia\u00e7\u00e3o da Olimp\u00edada Alagoana de Matem\u00e1tica (OAM).<\/p>\n<p>&nbsp;<\/p>\n<p>A MatExpo teve 54 trabalhos de institui\u00e7\u00f5es de ensino p\u00fablicas e privadas selecionados e oito escolas estaduais se fizeram presentes na mostra de matem\u00e1tica escolar com 15 projetos.<\/p>\n<p>&nbsp;<\/p>\n<p><strong>Descomplicando a trigonometria<\/strong><\/p>\n<p>&nbsp;<\/p>\n<p>Ouro no N\u00edvel 3, a Escola Estadual Alcides Andrade foi premiada gra\u00e7as a um projeto que prop\u00f4s uma forma diferenciada do ensino do ciclo trigonom\u00e9trico. \u201cBuscamos abordar este tema de uma forma diferente da convencional e que n\u00e3o demanda aparatos tecnol\u00f3gicos. Um projeto que fomentou conhecimento e tamb\u00e9m o protagonismo estudantil\u201d, resume o professor Dasley de Souza.<\/p>\n<p>&nbsp;<\/p>\n<p><a href=\"http:\/\/www.oparanews.com.br\/wp-content\/uploads\/2023\/11\/17112023-Premiados-da-Matexpo2023-APL-2.jpg\"><img loading=\"lazy\" decoding=\"async\" class=\"aligncenter size-full wp-image-29944\" src=\"http:\/\/www.oparanews.com.br\/wp-content\/uploads\/2023\/11\/17112023-Premiados-da-Matexpo2023-APL-2.jpg\" alt=\"\" width=\"900\" height=\"675\" srcset=\"https:\/\/www.oparanews.com.br\/wp-content\/uploads\/2023\/11\/17112023-Premiados-da-Matexpo2023-APL-2.jpg 900w, https:\/\/www.oparanews.com.br\/wp-content\/uploads\/2023\/11\/17112023-Premiados-da-Matexpo2023-APL-2-300x225.jpg 300w, https:\/\/www.oparanews.com.br\/wp-content\/uploads\/2023\/11\/17112023-Premiados-da-Matexpo2023-APL-2-768x576.jpg 768w\" sizes=\"auto, (max-width: 900px) 100vw, 900px\" \/><\/a><br \/>\nAlunos da 2\u00aa s\u00e9rie do ensino m\u00e9dio, Wheslany Mendes e Manoel Ac\u00e1cio Rocha participaram do projeto e destacam a import\u00e2ncia da conquista para a escola e para Penedo.<\/p>\n<p>&nbsp;<\/p>\n<p>\u201cEu particularmente sou uma aluna que se identifica mais com as humanas, mas o professor Dasley confiou em nosso potencial. Estamos muito felizes, pois o projeto nos proporcionou conhecer a Ufal e incentivou a participa\u00e7\u00e3o feminina, mostrando que a matem\u00e1tica n\u00e3o \u00e9 s\u00f3 para os meninos\u201d, destaca Wheslany. \u201cEstamos muito honrados. Nossa escola foi a \u00fanica institui\u00e7\u00e3o de Penedo presente na MatExpo e voltamos para casa com essa medalha\u201d, comemora Manoel.<\/p>\n<p>&nbsp;<\/p>\n<p>J\u00e1 o diretor Ronaldo Vicente diz que a premia\u00e7\u00e3o impulsiona a escola a desenvolver ainda mais a\u00e7\u00f5es na \u00e1rea. \u201cParticipar da Mostra j\u00e1 havia nos deixado muito felizes e termos ganho o ouro \u00e9 uma alegria que n\u00e3o cabe em palavras e que fortalece nossa cren\u00e7a na escola p\u00fablica. Aproveito para agradecer o apoio da Secretaria de Estado da Educa\u00e7\u00e3o e da 9\u00aa Ger\u00eancia Especial de Educa\u00e7\u00e3o que nos deram todo o apoio necess\u00e1rio\u201d, declara o gestor.<\/p>\n<p>&nbsp;<\/p>\n<p><strong>Orgulho palmarino<\/strong><\/p>\n<p>&nbsp;<\/p>\n<p>Unidade com maior quantitativo de projetos inscritos \u2013 nove ao total -, a Carlos Gomes levou \u00e0 MatExpo trabalhos expostos em sua feira de matem\u00e1tica. O projeto de geometria espacial de blocos onde constru\u00edram proje\u00e7\u00f5es em 2D e 3D da Escola Carlos Gomes e da Igreja Matriz de Uni\u00e3o a partir do jogo Minecraft levou prata.<\/p>\n<p>&nbsp;<\/p>\n<p>\u201cEstarmos entre os premiados em um evento que teve projetos de alto n\u00edvel t\u00e9cnico nos deixa muito felizes e reflete o empenho de nossos alunos. Foi uma experi\u00eancia \u00fanica e um incentivo para eles. E tudo isso come\u00e7ou com a nossa feira\u201d, reflete o professor Petr\u00facio Sobreira.<\/p>\n<p>&nbsp;<\/p>\n<p>O estudante Jos\u00e9 Wanderson Nascimento comemora n\u00e3o s\u00f3 a premia\u00e7\u00e3o, mas a possibilidade de, por meio do projeto, fazer com que os visitantes aprendessem um pouco mais sobre Uni\u00e3o dos Palmares. \u201cTemos orgulho de sermos palmarinos e, por meio do projeto, pudemos evidenciar nossa cidade e toda a sua riqueza hist\u00f3rica e arquitet\u00f4nica\u201d, pontua Jos\u00e9 Wanderson.<\/p>\n<p>&nbsp;<\/p>\n<p><strong>Edi\u00e7\u00e3o hist\u00f3rica<\/strong><\/p>\n<p>&nbsp;<\/p>\n<p>Coordenadora da Matfest, a professora Elaine Silva, do Instituto de Matem\u00e1tica da Ufal, afirma que a 20\u00aa edi\u00e7\u00e3o do evento foi hist\u00f3rica.<\/p>\n<p>&nbsp;<\/p>\n<p>\u201cCelebramos os 20 anos da Matfest e tamb\u00e9m da OAM, com uma programa\u00e7\u00e3o diversificada de palestras, exposi\u00e7\u00f5es e recorde de projetos inscritos. Foram trabalhos de escolas p\u00fablicas e privadas, todos de alt\u00edssimo n\u00edvel. Este ano tivemos uma maior interioriza\u00e7\u00e3o da MatExpo, com escolas de Bel\u00e9m, Penedo e Uni\u00e3o dos Palmares sendo premiadas, o que est\u00e1 alinhado tamb\u00e9m \u00e0 expans\u00e3o da OAM, pois os dois eventos andam de m\u00e3os dadas e um ajuda o outro. Agrade\u00e7o a todas escolas participantes e a todos os alunos e professores do Instituto de Matem\u00e1tica que fizeram este evento acontecer e sou grata pelo fato de que a MatExpo, mais uma vez, reafirmou a import\u00e2ncia da universidade p\u00fablica. Espero, futuramente, ver muitos dos estudantes premiados como nossos alunos\u201d, destaca Elaine.<\/p>\n<p>&nbsp;<\/p>\n<p>&nbsp;<\/p>\n<p>&nbsp;<\/p>\n<p><strong>por Ana Paula Lins\/Ascom Seduc<\/strong><\/p>\n<p>&nbsp;<\/p>\n","protected":false},"excerpt":{"rendered":"<p>As escolas estaduais Alcides Andrade, de Penedo, e Carlos Gomes, de Uni\u00e3o dos Palmares, foram destaque na edi\u00e7\u00e3o 2023 da MatExpo, da Universidade Federal de Alagoas (Ufal), conquistando, respectivamente, ouro e prata no N\u00edvel 3, categoria que corresponde ao ensino m\u00e9dio. A premia\u00e7\u00e3o ocorreu no \u00faltimo dia 17, no Audit\u00f3rio da Reitoria da Ufal, no &hellip;<\/p>\n","protected":false},"author":2,"featured_media":29945,"comment_status":"open","ping_status":"open","sticky":false,"template":"","format":"standard","meta":{"_jetpack_memberships_contains_paid_content":false,"footnotes":""},"categories":[1,3],"tags":[],"class_list":["post-29943","post","type-post","status-publish","format-standard","has-post-thumbnail","hentry","category-destaque","category-penedo"],"jetpack_featured_media_url":"https:\/\/www.oparanews.com.br\/wp-content\/uploads\/2023\/11\/17112023-Escolas-Alcides-Andrade-e-Carlos-Gomes-APL-1-1-scaled.jpg","jetpack_sharing_enabled":true,"_links":{"self":[{"href":"https:\/\/www.oparanews.com.br\/index.php\/wp-json\/wp\/v2\/posts\/29943","targetHints":{"allow":["GET"]}}],"collection":[{"href":"https:\/\/www.oparanews.com.br\/index.php\/wp-json\/wp\/v2\/posts"}],"about":[{"href":"https:\/\/www.oparanews.com.br\/index.php\/wp-json\/wp\/v2\/types\/post"}],"author":[{"embeddable":true,"href":"https:\/\/www.oparanews.com.br\/index.php\/wp-json\/wp\/v2\/users\/2"}],"replies":[{"embeddable":true,"href":"https:\/\/www.oparanews.com.br\/index.php\/wp-json\/wp\/v2\/comments?post=29943"}],"version-history":[{"count":1,"href":"https:\/\/www.oparanews.com.br\/index.php\/wp-json\/wp\/v2\/posts\/29943\/revisions"}],"predecessor-version":[{"id":29946,"href":"https:\/\/www.oparanews.com.br\/index.php\/wp-json\/wp\/v2\/posts\/29943\/revisions\/29946"}],"wp:featuredmedia":[{"embeddable":true,"href":"https:\/\/www.oparanews.com.br\/index.php\/wp-json\/wp\/v2\/media\/29945"}],"wp:attachment":[{"href":"https:\/\/www.oparanews.com.br\/index.php\/wp-json\/wp\/v2\/media?parent=29943"}],"wp:term":[{"taxonomy":"category","embeddable":true,"href":"https:\/\/www.oparanews.com.br\/index.php\/wp-json\/wp\/v2\/categories?post=29943"},{"taxonomy":"post_tag","embeddable":true,"href":"https:\/\/www.oparanews.com.br\/index.php\/wp-json\/wp\/v2\/tags?post=29943"}],"curies":[{"name":"wp","href":"https:\/\/api.w.org\/{rel}","templated":true}]}}