{"id":29951,"date":"2023-11-21T15:34:15","date_gmt":"2023-11-21T18:34:15","guid":{"rendered":"https:\/\/www.oparanews.com.br\/?p=29951"},"modified":"2023-11-21T15:34:15","modified_gmt":"2023-11-21T18:34:15","slug":"programa-saude-por-todo-canto-atendera-usuarios-do-psf-rosete-e-psf-sao-jose-na-quinta-23","status":"publish","type":"post","link":"https:\/\/www.oparanews.com.br\/index.php\/2023\/11\/21\/programa-saude-por-todo-canto-atendera-usuarios-do-psf-rosete-e-psf-sao-jose-na-quinta-23\/","title":{"rendered":"Programa Sa\u00fade Por Todo Canto atender\u00e1 usu\u00e1rios do PSF Rosete e PSF S\u00e3o Jos\u00e9 na quinta, 23"},"content":{"rendered":"<p>O Programa Sa\u00fade Por Todo Canto vai realizar atendimento com m\u00e9dicos especialistas para os usu\u00e1rios do PSF do Conjunto Rosete Andrade e do PSF do Loteamento S\u00e3o Jos\u00e9 nesta quinta-feira, 23 de novembro.<\/p>\n<p>&nbsp;<\/p>\n<p>O trabalho da Prefeitura Municipal de Penedo realizado por da Secretaria Municipal de Sa\u00fade (SEMS) ofertar\u00e1 consultas com neurologista, oftalmologista, dermatologista e otorrinolaringologista, no hor\u00e1rio das 7h \u00e0s 17 horas.<\/p>\n<p>&nbsp;<\/p>\n<p>O atendimento aos usu\u00e1rios das unidades de sa\u00fade especificadas acontecer\u00e1 no pr\u00e9dio do PSF Rosete, localizado na Rua Santo Ant\u00f4nio, com os servi\u00e7os do Expresso Sa\u00fade para realiza\u00e7\u00e3o de consultas com m\u00e9dicos e enfermeiros.<\/p>\n<p>&nbsp;<\/p>\n<p>Tamb\u00e9m ser\u00e3o ofertadas atividades de educa\u00e7\u00e3o em sa\u00fade na \u00e1rea de Odontologia, realiza\u00e7\u00e3o de testes r\u00e1pidos (Covid-19, s\u00edfilis, HIV e hepatite), vacina\u00e7\u00e3o e orienta\u00e7\u00e3o de educador f\u00edsico e nutricionista, al\u00e9m de a\u00e7\u00f5es alusivas ao Novembro Azul.<\/p>\n<p>&nbsp;<\/p>\n<p>O objetivo do Programa Sa\u00fade Por Todo Canto \u00e9 fazer com que os m\u00e9dicos especialistas realizem atendimentos para zerar a demanda reprimida de consultas nas unidades de sa\u00fade da SEMS.<\/p>\n<p>&nbsp;<\/p>\n<p>Para isso, as equipes do PSF Rosete e do PSF S\u00e3o Jos\u00e9 est\u00e3o entrando em contato com todos os pacientes que esperam pelas consultas para as quatro especialidades.<\/p>\n<p>&nbsp;<\/p>\n<p>&nbsp;<\/p>\n<p>&nbsp;<\/p>\n<p>&nbsp;<\/p>\n<p><strong>por Gabriela Flores \u2013 jornalista e social midia SEMS Penedo<\/strong><\/p>\n<p>&nbsp;<\/p>\n","protected":false},"excerpt":{"rendered":"<p>O Programa Sa\u00fade Por Todo Canto vai realizar atendimento com m\u00e9dicos especialistas para os usu\u00e1rios do PSF do Conjunto Rosete Andrade e do PSF do Loteamento S\u00e3o Jos\u00e9 nesta quinta-feira, 23 de novembro. &nbsp; O trabalho da Prefeitura Municipal de Penedo realizado por da Secretaria Municipal de Sa\u00fade (SEMS) ofertar\u00e1 consultas com neurologista, oftalmologista, dermatologista &hellip;<\/p>\n","protected":false},"author":2,"featured_media":29952,"comment_status":"open","ping_status":"open","sticky":false,"template":"","format":"standard","meta":{"_jetpack_memberships_contains_paid_content":false,"footnotes":""},"categories":[1,3],"tags":[],"class_list":["post-29951","post","type-post","status-publish","format-standard","has-post-thumbnail","hentry","category-destaque","category-penedo"],"jetpack_featured_media_url":"https:\/\/www.oparanews.com.br\/wp-content\/uploads\/2023\/11\/saude-por-todo-canto-sems-penedo-foto-gabriela-flores-9.jpeg","jetpack_sharing_enabled":true,"_links":{"self":[{"href":"https:\/\/www.oparanews.com.br\/index.php\/wp-json\/wp\/v2\/posts\/29951","targetHints":{"allow":["GET"]}}],"collection":[{"href":"https:\/\/www.oparanews.com.br\/index.php\/wp-json\/wp\/v2\/posts"}],"about":[{"href":"https:\/\/www.oparanews.com.br\/index.php\/wp-json\/wp\/v2\/types\/post"}],"author":[{"embeddable":true,"href":"https:\/\/www.oparanews.com.br\/index.php\/wp-json\/wp\/v2\/users\/2"}],"replies":[{"embeddable":true,"href":"https:\/\/www.oparanews.com.br\/index.php\/wp-json\/wp\/v2\/comments?post=29951"}],"version-history":[{"count":1,"href":"https:\/\/www.oparanews.com.br\/index.php\/wp-json\/wp\/v2\/posts\/29951\/revisions"}],"predecessor-version":[{"id":29953,"href":"https:\/\/www.oparanews.com.br\/index.php\/wp-json\/wp\/v2\/posts\/29951\/revisions\/29953"}],"wp:featuredmedia":[{"embeddable":true,"href":"https:\/\/www.oparanews.com.br\/index.php\/wp-json\/wp\/v2\/media\/29952"}],"wp:attachment":[{"href":"https:\/\/www.oparanews.com.br\/index.php\/wp-json\/wp\/v2\/media?parent=29951"}],"wp:term":[{"taxonomy":"category","embeddable":true,"href":"https:\/\/www.oparanews.com.br\/index.php\/wp-json\/wp\/v2\/categories?post=29951"},{"taxonomy":"post_tag","embeddable":true,"href":"https:\/\/www.oparanews.com.br\/index.php\/wp-json\/wp\/v2\/tags?post=29951"}],"curies":[{"name":"wp","href":"https:\/\/api.w.org\/{rel}","templated":true}]}}