{"id":30000,"date":"2023-11-27T14:19:50","date_gmt":"2023-11-27T17:19:50","guid":{"rendered":"https:\/\/www.oparanews.com.br\/?p=30000"},"modified":"2023-11-27T14:19:50","modified_gmt":"2023-11-27T17:19:50","slug":"expedicao-cientifica-do-baixo-sao-francisco-desembarca-em-penedo","status":"publish","type":"post","link":"https:\/\/www.oparanews.com.br\/index.php\/2023\/11\/27\/expedicao-cientifica-do-baixo-sao-francisco-desembarca-em-penedo\/","title":{"rendered":"Expedi\u00e7\u00e3o Cient\u00edfica do Baixo S\u00e3o Francisco desembarca em Penedo"},"content":{"rendered":"<p>A Expedi\u00e7\u00e3o Cient\u00edfica do Baixo S\u00e3o Francisco desembarcou em Penedo neste domingo, 26 de novembro, sexta edi\u00e7\u00e3o do trabalho que re\u00fane centenas de pesquisadores, sob coordena\u00e7\u00e3o da Universidade Federal de Alagoas (Ufal).<\/p>\n<p>&nbsp;<\/p>\n<p>As embarca\u00e7\u00f5es e as equipes da expedi\u00e7\u00e3o foram recepcionadas no porto das balsas no final da tarde, onde o p\u00f4r do sol destacou a exposi\u00e7\u00e3o de velas e as apresenta\u00e7\u00f5es culturais articuladas pela Prefeitura de Penedo.<\/p>\n<p>&nbsp;<\/p>\n<p>Expedicion\u00e1rios e expedicion\u00e1rias aplaudiram as bandas de frevo, o Clube de Desbravadores \u00d3rion, as Quilombolinhas da Escola Municipal Santo Antonio (Tabuleiro dos Negros), os Puxadores de Rede da Capoeira Mandingueiros e a Banda de Pifanos Santo Ant\u00f4nio.<\/p>\n<p>&nbsp;<\/p>\n<p>Em seguida, foram para os meios de hospedagem de Penedo e pontos de apoio para os pesquisadores que jantaram em um self-service, antes do merecido descanso.<\/p>\n<p>&nbsp;<\/p>\n<p>Nesta segunda, 27, a expedi\u00e7\u00e3o realiza atividades em conjunto com a Prefeitura de Penedo e outras institui\u00e7\u00f5es parceiras no 3\u00ba Centro de Sa\u00fade, o antigo SESP; no Complexo Educacional e Esportivo da SEMED; na sede da Codevasf, na Escola Municipal Douglas Apratto Ten\u00f3rio e na comunidade remanescente quilombola Tabuleiro dos Negros.<\/p>\n<p>&nbsp;<\/p>\n<p>A expedi\u00e7\u00e3o segue amanh\u00e3 para Pia\u00e7abu\u00e7u e foz do Rio S\u00e3o Francisco, retornando para Penedo na quinta, 30, quando apresenta o balan\u00e7o das atividades realizadas ao longo de 10 dias no Theatro Sete de Setembro, a partir das 8 horas.<\/p>\n<p>&nbsp;<\/p>\n<p>&nbsp;<\/p>\n<p>&nbsp;<\/p>\n<p>&nbsp;<\/p>\n<p><strong>Fonte: Secom PMP<\/strong><\/p>\n<p>&nbsp;<\/p>\n","protected":false},"excerpt":{"rendered":"<p>A Expedi\u00e7\u00e3o Cient\u00edfica do Baixo S\u00e3o Francisco desembarcou em Penedo neste domingo, 26 de novembro, sexta edi\u00e7\u00e3o do trabalho que re\u00fane centenas de pesquisadores, sob coordena\u00e7\u00e3o da Universidade Federal de Alagoas (Ufal). &nbsp; As embarca\u00e7\u00f5es e as equipes da expedi\u00e7\u00e3o foram recepcionadas no porto das balsas no final da tarde, onde o p\u00f4r do sol &hellip;<\/p>\n","protected":false},"author":2,"featured_media":30001,"comment_status":"open","ping_status":"open","sticky":false,"template":"","format":"standard","meta":{"_jetpack_memberships_contains_paid_content":false,"footnotes":""},"categories":[1,3],"tags":[],"class_list":["post-30000","post","type-post","status-publish","format-standard","has-post-thumbnail","hentry","category-destaque","category-penedo"],"jetpack_featured_media_url":"https:\/\/www.oparanews.com.br\/wp-content\/uploads\/2023\/11\/expedicao-ufal.jpg","jetpack_sharing_enabled":true,"_links":{"self":[{"href":"https:\/\/www.oparanews.com.br\/index.php\/wp-json\/wp\/v2\/posts\/30000","targetHints":{"allow":["GET"]}}],"collection":[{"href":"https:\/\/www.oparanews.com.br\/index.php\/wp-json\/wp\/v2\/posts"}],"about":[{"href":"https:\/\/www.oparanews.com.br\/index.php\/wp-json\/wp\/v2\/types\/post"}],"author":[{"embeddable":true,"href":"https:\/\/www.oparanews.com.br\/index.php\/wp-json\/wp\/v2\/users\/2"}],"replies":[{"embeddable":true,"href":"https:\/\/www.oparanews.com.br\/index.php\/wp-json\/wp\/v2\/comments?post=30000"}],"version-history":[{"count":1,"href":"https:\/\/www.oparanews.com.br\/index.php\/wp-json\/wp\/v2\/posts\/30000\/revisions"}],"predecessor-version":[{"id":30002,"href":"https:\/\/www.oparanews.com.br\/index.php\/wp-json\/wp\/v2\/posts\/30000\/revisions\/30002"}],"wp:featuredmedia":[{"embeddable":true,"href":"https:\/\/www.oparanews.com.br\/index.php\/wp-json\/wp\/v2\/media\/30001"}],"wp:attachment":[{"href":"https:\/\/www.oparanews.com.br\/index.php\/wp-json\/wp\/v2\/media?parent=30000"}],"wp:term":[{"taxonomy":"category","embeddable":true,"href":"https:\/\/www.oparanews.com.br\/index.php\/wp-json\/wp\/v2\/categories?post=30000"},{"taxonomy":"post_tag","embeddable":true,"href":"https:\/\/www.oparanews.com.br\/index.php\/wp-json\/wp\/v2\/tags?post=30000"}],"curies":[{"name":"wp","href":"https:\/\/api.w.org\/{rel}","templated":true}]}}