{"id":30006,"date":"2023-11-27T14:57:26","date_gmt":"2023-11-27T17:57:26","guid":{"rendered":"https:\/\/www.oparanews.com.br\/?p=30006"},"modified":"2023-11-27T14:57:26","modified_gmt":"2023-11-27T17:57:26","slug":"prefeitura-de-penedo-adia-feriado-do-dia-do-evangelico-para-sexta-feira-1o-de-dezembro","status":"publish","type":"post","link":"https:\/\/www.oparanews.com.br\/index.php\/2023\/11\/27\/prefeitura-de-penedo-adia-feriado-do-dia-do-evangelico-para-sexta-feira-1o-de-dezembro\/","title":{"rendered":"Prefeitura de Penedo adia feriado do Dia do Evang\u00e9lico para sexta-feira, 1\u00ba de dezembro"},"content":{"rendered":"<p>O feriado estadual em comemora\u00e7\u00e3o ao Dia do Evang\u00e9lico (30 de novembro) est\u00e1 adiado para a sexta-feira, 1\u00ba de dezembro, conforme Portaria n\u00ba 897\/2023 da Prefeitura de Penedo.<\/p>\n<p>&nbsp;<\/p>\n<p>O ato administrativo \u00e9 decorrente do que est\u00e1 previsto na Lei n\u00ba 7.530, de 8 de agosto de 2013. Em seu par\u00e1grafo \u00fanico, ela prev\u00ea que, caso o dia 30 de novembro recaia em uma ter\u00e7a ou quinta-feira, o feriado ficar\u00e1 antecipado para a segunda-feira ou adiado para a sexta-feira, respectivamente.<\/p>\n<p>&nbsp;<\/p>\n<p>Este ano, o governador Paulo Dantas adiou o feriado estadual para sexta, primeiro dia do m\u00eas de dezembro, decis\u00e3o que fundamenta o decreto municipal que suspende o atendimento ao p\u00fablico nas reparti\u00e7\u00f5es da Prefeitura de Penedo, mantidos os servi\u00e7os essenciais de responsabilidade do poder p\u00fablico municipal.<\/p>\n<p>&nbsp;<\/p>\n<p><strong>DECRETO MUNICIPAL N\u00ba 897-2023<\/strong><\/p>\n<p>&nbsp;<\/p>\n<p>&nbsp;<\/p>\n<p>&nbsp;<\/p>\n<p><strong>Fonte: Secom PMP<\/strong><\/p>\n<p>&nbsp;<\/p>\n","protected":false},"excerpt":{"rendered":"<p>O feriado estadual em comemora\u00e7\u00e3o ao Dia do Evang\u00e9lico (30 de novembro) est\u00e1 adiado para a sexta-feira, 1\u00ba de dezembro, conforme Portaria n\u00ba 897\/2023 da Prefeitura de Penedo. &nbsp; O ato administrativo \u00e9 decorrente do que est\u00e1 previsto na Lei n\u00ba 7.530, de 8 de agosto de 2013. Em seu par\u00e1grafo \u00fanico, ela prev\u00ea que, &hellip;<\/p>\n","protected":false},"author":2,"featured_media":30007,"comment_status":"open","ping_status":"open","sticky":false,"template":"","format":"standard","meta":{"_jetpack_memberships_contains_paid_content":false,"footnotes":""},"categories":[1,3],"tags":[],"class_list":["post-30006","post","type-post","status-publish","format-standard","has-post-thumbnail","hentry","category-destaque","category-penedo"],"jetpack_featured_media_url":"https:\/\/www.oparanews.com.br\/wp-content\/uploads\/2023\/11\/sede-pmp-1068x801-1.jpeg","jetpack_sharing_enabled":true,"_links":{"self":[{"href":"https:\/\/www.oparanews.com.br\/index.php\/wp-json\/wp\/v2\/posts\/30006","targetHints":{"allow":["GET"]}}],"collection":[{"href":"https:\/\/www.oparanews.com.br\/index.php\/wp-json\/wp\/v2\/posts"}],"about":[{"href":"https:\/\/www.oparanews.com.br\/index.php\/wp-json\/wp\/v2\/types\/post"}],"author":[{"embeddable":true,"href":"https:\/\/www.oparanews.com.br\/index.php\/wp-json\/wp\/v2\/users\/2"}],"replies":[{"embeddable":true,"href":"https:\/\/www.oparanews.com.br\/index.php\/wp-json\/wp\/v2\/comments?post=30006"}],"version-history":[{"count":1,"href":"https:\/\/www.oparanews.com.br\/index.php\/wp-json\/wp\/v2\/posts\/30006\/revisions"}],"predecessor-version":[{"id":30008,"href":"https:\/\/www.oparanews.com.br\/index.php\/wp-json\/wp\/v2\/posts\/30006\/revisions\/30008"}],"wp:featuredmedia":[{"embeddable":true,"href":"https:\/\/www.oparanews.com.br\/index.php\/wp-json\/wp\/v2\/media\/30007"}],"wp:attachment":[{"href":"https:\/\/www.oparanews.com.br\/index.php\/wp-json\/wp\/v2\/media?parent=30006"}],"wp:term":[{"taxonomy":"category","embeddable":true,"href":"https:\/\/www.oparanews.com.br\/index.php\/wp-json\/wp\/v2\/categories?post=30006"},{"taxonomy":"post_tag","embeddable":true,"href":"https:\/\/www.oparanews.com.br\/index.php\/wp-json\/wp\/v2\/tags?post=30006"}],"curies":[{"name":"wp","href":"https:\/\/api.w.org\/{rel}","templated":true}]}}