{"id":30009,"date":"2023-11-27T22:40:21","date_gmt":"2023-11-28T01:40:21","guid":{"rendered":"https:\/\/www.oparanews.com.br\/?p=30009"},"modified":"2023-11-27T22:40:21","modified_gmt":"2023-11-28T01:40:21","slug":"governador-confirma-pagamento-do-13o-salario-dos-servidores-para-8-de-dezembro","status":"publish","type":"post","link":"https:\/\/www.oparanews.com.br\/index.php\/2023\/11\/27\/governador-confirma-pagamento-do-13o-salario-dos-servidores-para-8-de-dezembro\/","title":{"rendered":"Governador confirma pagamento do 13\u00ba sal\u00e1rio dos servidores para 8 de dezembro"},"content":{"rendered":"<p>O governador Paulo Dantas confirmou, nesta segunda-feira (27), durante entrevista coletiva realizada no Pal\u00e1cio Rep\u00fablica dos Palmares, o pagamento do d\u00e9cimo terceiro sal\u00e1rio para os servidores p\u00fablicos estaduais para sexta-feira, dia 8 de dezembro.<\/p>\n<p>&nbsp;<\/p>\n<p>Al\u00e9m disso, o governador anunciou o pagamento do sal\u00e1rio de dezembro para o dia 23, antev\u00e9spera do Natal, podendo ser antecipada para o dia 22. \u201cVamos pagar tr\u00eas folhas [salariais] em menos de 30 dias: uma no fim de novembro, o d\u00e9cimo terceiro no dia 8 de dezembro e o sal\u00e1rio [de dezembro] antes do Natal \u2013 provavelmente dia 22 ou 23\u201d, disse Paulo.<\/p>\n<p>&nbsp;<\/p>\n<p>De acordo com o governador, o pagamento das tr\u00eas folhas salariais ir\u00e1 injetar R$ 1,5 bilh\u00e3o na economia de Alagoas. \u201cIsso \u00e9 muito importante para dinamizar todo o com\u00e9rcio e setor de servi\u00e7os. Quando digo isso, os comerciantes j\u00e1 ficam felizes, porque sabem o quanto impacta positivamente o pagamento do servidor em dia\u201d, ressaltou Paulo Dantas.<\/p>\n<p>&nbsp;<\/p>\n<p>\u201cImagine s\u00f3 o pagamento de tr\u00eas folhas em menos de um m\u00eas. [Isso] Vai ajudar tamb\u00e9m os comerciantes a honrarem com suas obriga\u00e7\u00f5es de final do ano e com o d\u00e9cimo terceiro dos seus colaboradores\u201d, finalizou o governador.<\/p>\n<p>&nbsp;<\/p>\n<p>&nbsp;<\/p>\n<p>&nbsp;<\/p>\n<p><strong>por Carlos Nealdo \/ Ag\u00eancia Alagoas<\/strong><\/p>\n<p>&nbsp;<\/p>\n","protected":false},"excerpt":{"rendered":"<p>O governador Paulo Dantas confirmou, nesta segunda-feira (27), durante entrevista coletiva realizada no Pal\u00e1cio Rep\u00fablica dos Palmares, o pagamento do d\u00e9cimo terceiro sal\u00e1rio para os servidores p\u00fablicos estaduais para sexta-feira, dia 8 de dezembro. &nbsp; Al\u00e9m disso, o governador anunciou o pagamento do sal\u00e1rio de dezembro para o dia 23, antev\u00e9spera do Natal, podendo ser &hellip;<\/p>\n","protected":false},"author":2,"featured_media":30010,"comment_status":"open","ping_status":"open","sticky":false,"template":"","format":"standard","meta":{"_jetpack_memberships_contains_paid_content":false,"footnotes":""},"categories":[4],"tags":[],"class_list":["post-30009","post","type-post","status-publish","format-standard","has-post-thumbnail","hentry","category-alagoas"],"jetpack_featured_media_url":"https:\/\/www.oparanews.com.br\/wp-content\/uploads\/2023\/11\/governador-confirma-pagamento-do-13-salario-dos-servidores-para-8-de-dezembro-scaled.jpeg","jetpack_sharing_enabled":true,"_links":{"self":[{"href":"https:\/\/www.oparanews.com.br\/index.php\/wp-json\/wp\/v2\/posts\/30009","targetHints":{"allow":["GET"]}}],"collection":[{"href":"https:\/\/www.oparanews.com.br\/index.php\/wp-json\/wp\/v2\/posts"}],"about":[{"href":"https:\/\/www.oparanews.com.br\/index.php\/wp-json\/wp\/v2\/types\/post"}],"author":[{"embeddable":true,"href":"https:\/\/www.oparanews.com.br\/index.php\/wp-json\/wp\/v2\/users\/2"}],"replies":[{"embeddable":true,"href":"https:\/\/www.oparanews.com.br\/index.php\/wp-json\/wp\/v2\/comments?post=30009"}],"version-history":[{"count":1,"href":"https:\/\/www.oparanews.com.br\/index.php\/wp-json\/wp\/v2\/posts\/30009\/revisions"}],"predecessor-version":[{"id":30011,"href":"https:\/\/www.oparanews.com.br\/index.php\/wp-json\/wp\/v2\/posts\/30009\/revisions\/30011"}],"wp:featuredmedia":[{"embeddable":true,"href":"https:\/\/www.oparanews.com.br\/index.php\/wp-json\/wp\/v2\/media\/30010"}],"wp:attachment":[{"href":"https:\/\/www.oparanews.com.br\/index.php\/wp-json\/wp\/v2\/media?parent=30009"}],"wp:term":[{"taxonomy":"category","embeddable":true,"href":"https:\/\/www.oparanews.com.br\/index.php\/wp-json\/wp\/v2\/categories?post=30009"},{"taxonomy":"post_tag","embeddable":true,"href":"https:\/\/www.oparanews.com.br\/index.php\/wp-json\/wp\/v2\/tags?post=30009"}],"curies":[{"name":"wp","href":"https:\/\/api.w.org\/{rel}","templated":true}]}}