{"id":30013,"date":"2023-11-28T17:57:36","date_gmt":"2023-11-28T20:57:36","guid":{"rendered":"https:\/\/www.oparanews.com.br\/?p=30013"},"modified":"2023-11-28T17:57:36","modified_gmt":"2023-11-28T20:57:36","slug":"operacao-apreende-em-arapiraca-roupas-e-celulares-importados-sem-recolhimento-de-impostos","status":"publish","type":"post","link":"https:\/\/www.oparanews.com.br\/index.php\/2023\/11\/28\/operacao-apreende-em-arapiraca-roupas-e-celulares-importados-sem-recolhimento-de-impostos\/","title":{"rendered":"Opera\u00e7\u00e3o apreende em Arapiraca roupas e celulares importados sem recolhimento de impostos"},"content":{"rendered":"<p>A Receita Federal e a Pol\u00edcia Rodovi\u00e1ria Federal (PRF) realizaram uma opera\u00e7\u00e3o nesta ter\u00e7a-feira (28) para combater o contrabando de produtos importados sem recolhimento de impostos em Arapiraca. Ningu\u00e9m foi preso.<\/p>\n<p>&nbsp;<\/p>\n<p>Foram apreendidos celulares, acess\u00f3rios e roupas que estavam \u00e0 venda sem nota fiscal em 15 estabelecimentos no centro da cidade.<\/p>\n<p>&nbsp;<\/p>\n<p>A suspeita \u00e9 de que os produtos sejam falsificados, j\u00e1 que n\u00e3o h\u00e1 comprova\u00e7\u00e3o de origem. A Receita Federal alerta que os produtos falsificados n\u00e3o t\u00eam as mesmas garantias dos originais e n\u00e3o atendem as especifica\u00e7\u00f5es t\u00e9cnicas de fabrica\u00e7\u00e3o, higiene e seguran\u00e7a e muitas vezes podem estar financiando o crime organizado.<\/p>\n<p>&nbsp;<\/p>\n<p>A Receita Federal ainda ressalta sobre o risco para a sa\u00fade que \u00e9 utilizar os produtos eletr\u00f4nicos sem saber a proced\u00eancia, al\u00e9m de prejudicar a ind\u00fastria brasileira e o investimento do pa\u00eds.<\/p>\n<p>&nbsp;<\/p>\n<p>A opera\u00e7\u00e3o recebe o nome de &#8220;Farpas&#8221;, uma refer\u00eancia \u00e0 etimologia da palavra Arapiraca que se originou do termo tupi arupare&#8217;aka, que significa &#8220;farpas&#8221;.<\/p>\n<p>&nbsp;<\/p>\n<p>&nbsp;<\/p>\n<p>&nbsp;<\/p>\n<p><strong>Fonte: G1\/AL<\/strong><\/p>\n<p>&nbsp;<\/p>\n","protected":false},"excerpt":{"rendered":"<p>A Receita Federal e a Pol\u00edcia Rodovi\u00e1ria Federal (PRF) realizaram uma opera\u00e7\u00e3o nesta ter\u00e7a-feira (28) para combater o contrabando de produtos importados sem recolhimento de impostos em Arapiraca. Ningu\u00e9m foi preso. &nbsp; Foram apreendidos celulares, acess\u00f3rios e roupas que estavam \u00e0 venda sem nota fiscal em 15 estabelecimentos no centro da cidade. &nbsp; A suspeita &hellip;<\/p>\n","protected":false},"author":2,"featured_media":30014,"comment_status":"open","ping_status":"open","sticky":false,"template":"","format":"standard","meta":{"_jetpack_memberships_contains_paid_content":false,"footnotes":""},"categories":[1,3],"tags":[],"class_list":["post-30013","post","type-post","status-publish","format-standard","has-post-thumbnail","hentry","category-destaque","category-penedo"],"jetpack_featured_media_url":"https:\/\/www.oparanews.com.br\/wp-content\/uploads\/2023\/11\/whatsapp-image-2023-11-28-at-11.19.34.webp","jetpack_sharing_enabled":true,"_links":{"self":[{"href":"https:\/\/www.oparanews.com.br\/index.php\/wp-json\/wp\/v2\/posts\/30013","targetHints":{"allow":["GET"]}}],"collection":[{"href":"https:\/\/www.oparanews.com.br\/index.php\/wp-json\/wp\/v2\/posts"}],"about":[{"href":"https:\/\/www.oparanews.com.br\/index.php\/wp-json\/wp\/v2\/types\/post"}],"author":[{"embeddable":true,"href":"https:\/\/www.oparanews.com.br\/index.php\/wp-json\/wp\/v2\/users\/2"}],"replies":[{"embeddable":true,"href":"https:\/\/www.oparanews.com.br\/index.php\/wp-json\/wp\/v2\/comments?post=30013"}],"version-history":[{"count":1,"href":"https:\/\/www.oparanews.com.br\/index.php\/wp-json\/wp\/v2\/posts\/30013\/revisions"}],"predecessor-version":[{"id":30015,"href":"https:\/\/www.oparanews.com.br\/index.php\/wp-json\/wp\/v2\/posts\/30013\/revisions\/30015"}],"wp:featuredmedia":[{"embeddable":true,"href":"https:\/\/www.oparanews.com.br\/index.php\/wp-json\/wp\/v2\/media\/30014"}],"wp:attachment":[{"href":"https:\/\/www.oparanews.com.br\/index.php\/wp-json\/wp\/v2\/media?parent=30013"}],"wp:term":[{"taxonomy":"category","embeddable":true,"href":"https:\/\/www.oparanews.com.br\/index.php\/wp-json\/wp\/v2\/categories?post=30013"},{"taxonomy":"post_tag","embeddable":true,"href":"https:\/\/www.oparanews.com.br\/index.php\/wp-json\/wp\/v2\/tags?post=30013"}],"curies":[{"name":"wp","href":"https:\/\/api.w.org\/{rel}","templated":true}]}}