{"id":30044,"date":"2023-12-02T09:34:24","date_gmt":"2023-12-02T12:34:24","guid":{"rendered":"https:\/\/www.oparanews.com.br\/?p=30044"},"modified":"2023-12-02T09:34:24","modified_gmt":"2023-12-02T12:34:24","slug":"confira-a-programacao-completa-do-penedo-luz-2023","status":"publish","type":"post","link":"https:\/\/www.oparanews.com.br\/index.php\/2023\/12\/02\/confira-a-programacao-completa-do-penedo-luz-2023\/","title":{"rendered":"Confira a programa\u00e7\u00e3o completa do Penedo Luz 2023"},"content":{"rendered":"<p>Uma programa\u00e7\u00e3o in\u00e9dita, repleta de atra\u00e7\u00f5es incr\u00edveis e shows musicais com artistas de n\u00edvel nacional e da cidade. Tudo isso aberto ao p\u00fablico durante o Penedo Luz, evento do governo Ronaldo Lopes\/Jo\u00e3o Lucas para fam\u00edlias penedenses e visitantes que tamb\u00e9m incrementa a circula\u00e7\u00e3o de recursos na economia local.<\/p>\n<p>&nbsp;<\/p>\n<p>A abertura do Penedo Luz 2023 acontece na tarde de domingo, 03, com sa\u00edda do cortejo natalino \u00e0s 16h30 da Pra\u00e7a J\u00e1come Calheiros, pr\u00f3xima do Col\u00e9gio Imaculada Concei\u00e7\u00e3o.<\/p>\n<p>&nbsp;<\/p>\n<p>Artistas circenses e personagens que encantam a crian\u00e7ada v\u00e3o espalhar alegria durante o percurso, at\u00e9 a orla ribeirinha, onde Papai Noel chega \u00e0s 18h30, em sua embarca\u00e7\u00e3o iluminada, uma das atra\u00e7\u00f5es que diferenciam os festejos natalinos promovidos pela Prefeitura de Penedo.<\/p>\n<p>&nbsp;<\/p>\n<p>E por falar em exclusividade, haver\u00e1 um espet\u00e1culo inesquec\u00edvel: O Menino Chamado Penedo une teatro com proje\u00e7\u00e3o mapeada, utilizando a fachada do Museu do Pa\u00e7o Imperial para o shows de imagens e interpreta\u00e7\u00e3o.<\/p>\n<p>&nbsp;<\/p>\n<p>A atra\u00e7\u00e3o in\u00e9dita em Alagoas ser\u00e1 exibida a partir das 19 horas e volta ao Penedo Luz nos pr\u00f3ximos dias 09 e 16 de dezembro.<\/p>\n<p>&nbsp;<\/p>\n<p>O Penedo Luz 2023 tem ainda a Vila M\u00e1gica, um espa\u00e7o especial instalado na Pra\u00e7a 12 de Abril que vai funcionar durante todos os fins de semana de dezembro (de sexta a domingo) at\u00e9 os festejos de Bom Jesus dos Navegantes, encerrando em 07 de janeiro de 2024.<\/p>\n<p>&nbsp;<\/p>\n<p>A Vila M\u00e1gica tem parque tem\u00e1tico, carrossel e roda gigante, abrindo \u00e0s 17 horas e funcionando at\u00e9 as 22 horas. Pertinho dela, acontecem os shows musicais na Pra\u00e7a 12 de Abril, programa\u00e7\u00e3o da Secretaria Municipal de Cultura, Lazer e Juventude (SEMCELJ) que pode ser conferida abaixo do texto.<\/p>\n<p>&nbsp;<\/p>\n<p>E que tal passear na Jardineira da Tia Estrela? A divers\u00e3o no \u00f4nibus com estrutura que favorece a visualiza\u00e7\u00e3o dos passageiros levar\u00e1, de gra\u00e7a, qualquer pessoa para curtir a decora\u00e7\u00e3o especial e as belezas da Cidade dos Sobrados.<\/p>\n<p>&nbsp;<\/p>\n<p>A inclus\u00e3o de mais essa novidade do Penedo Luz 2023, com m\u00fasica e conta\u00e7\u00e3o de hist\u00f3rias natalinas a bordo, estar\u00e1 dispon\u00edvel nos dias 8, 9, 10, 14, 15 e 16 de dezembro, no hor\u00e1rio entre 17 e 19 horas, saindo da Pra\u00e7a 12 de Abril.<\/p>\n<p>&nbsp;<\/p>\n<p><strong>PROGRAMA\u00c7\u00c3O MUSICAL PENEDO LUZ 2023<\/strong><\/p>\n<p>&nbsp;<\/p>\n<p><a href=\"http:\/\/www.oparanews.com.br\/wp-content\/uploads\/2023\/12\/7777777.png\"><img loading=\"lazy\" decoding=\"async\" class=\"aligncenter size-full wp-image-30045\" src=\"http:\/\/www.oparanews.com.br\/wp-content\/uploads\/2023\/12\/7777777.png\" alt=\"\" width=\"724\" height=\"519\" srcset=\"https:\/\/www.oparanews.com.br\/wp-content\/uploads\/2023\/12\/7777777.png 724w, https:\/\/www.oparanews.com.br\/wp-content\/uploads\/2023\/12\/7777777-300x215.png 300w\" sizes=\"auto, (max-width: 724px) 100vw, 724px\" \/><\/a><\/p>\n<p>&nbsp;<\/p>\n<p><a href=\"https:\/\/penedo.al.gov.br\/2023\/12\/01\/confira-a-programacao-completa-do-penedo-luz-2023\/\"><strong>PROGRAMA\u00c7\u00c3O AQUI<\/strong><\/a><\/p>\n<p>&nbsp;<\/p>\n<p>&nbsp;<\/p>\n<p>&nbsp;<\/p>\n<p><strong>Fonte: Secom PMP<\/strong><\/p>\n<p>&nbsp;<\/p>\n","protected":false},"excerpt":{"rendered":"<p>Uma programa\u00e7\u00e3o in\u00e9dita, repleta de atra\u00e7\u00f5es incr\u00edveis e shows musicais com artistas de n\u00edvel nacional e da cidade. Tudo isso aberto ao p\u00fablico durante o Penedo Luz, evento do governo Ronaldo Lopes\/Jo\u00e3o Lucas para fam\u00edlias penedenses e visitantes que tamb\u00e9m incrementa a circula\u00e7\u00e3o de recursos na economia local. &nbsp; A abertura do Penedo Luz 2023 &hellip;<\/p>\n","protected":false},"author":2,"featured_media":30046,"comment_status":"open","ping_status":"open","sticky":false,"template":"","format":"standard","meta":{"_jetpack_memberships_contains_paid_content":false,"footnotes":""},"categories":[1,3],"tags":[],"class_list":["post-30044","post","type-post","status-publish","format-standard","has-post-thumbnail","hentry","category-destaque","category-penedo"],"jetpack_featured_media_url":"https:\/\/www.oparanews.com.br\/wp-content\/uploads\/2023\/12\/penedo-luz.jpg","jetpack_sharing_enabled":true,"_links":{"self":[{"href":"https:\/\/www.oparanews.com.br\/index.php\/wp-json\/wp\/v2\/posts\/30044","targetHints":{"allow":["GET"]}}],"collection":[{"href":"https:\/\/www.oparanews.com.br\/index.php\/wp-json\/wp\/v2\/posts"}],"about":[{"href":"https:\/\/www.oparanews.com.br\/index.php\/wp-json\/wp\/v2\/types\/post"}],"author":[{"embeddable":true,"href":"https:\/\/www.oparanews.com.br\/index.php\/wp-json\/wp\/v2\/users\/2"}],"replies":[{"embeddable":true,"href":"https:\/\/www.oparanews.com.br\/index.php\/wp-json\/wp\/v2\/comments?post=30044"}],"version-history":[{"count":1,"href":"https:\/\/www.oparanews.com.br\/index.php\/wp-json\/wp\/v2\/posts\/30044\/revisions"}],"predecessor-version":[{"id":30047,"href":"https:\/\/www.oparanews.com.br\/index.php\/wp-json\/wp\/v2\/posts\/30044\/revisions\/30047"}],"wp:featuredmedia":[{"embeddable":true,"href":"https:\/\/www.oparanews.com.br\/index.php\/wp-json\/wp\/v2\/media\/30046"}],"wp:attachment":[{"href":"https:\/\/www.oparanews.com.br\/index.php\/wp-json\/wp\/v2\/media?parent=30044"}],"wp:term":[{"taxonomy":"category","embeddable":true,"href":"https:\/\/www.oparanews.com.br\/index.php\/wp-json\/wp\/v2\/categories?post=30044"},{"taxonomy":"post_tag","embeddable":true,"href":"https:\/\/www.oparanews.com.br\/index.php\/wp-json\/wp\/v2\/tags?post=30044"}],"curies":[{"name":"wp","href":"https:\/\/api.w.org\/{rel}","templated":true}]}}