{"id":30093,"date":"2023-12-07T15:26:29","date_gmt":"2023-12-07T18:26:29","guid":{"rendered":"https:\/\/www.oparanews.com.br\/?p=30093"},"modified":"2023-12-07T15:26:29","modified_gmt":"2023-12-07T18:26:29","slug":"prefeitura-de-penedo-informa-periodos-de-renovacao-de-matricula-de-estudantes-e-para-novatos","status":"publish","type":"post","link":"https:\/\/www.oparanews.com.br\/index.php\/2023\/12\/07\/prefeitura-de-penedo-informa-periodos-de-renovacao-de-matricula-de-estudantes-e-para-novatos\/","title":{"rendered":"Prefeitura de Penedo informa per\u00edodos de renova\u00e7\u00e3o de matr\u00edcula de estudantes e para novatos"},"content":{"rendered":"<p>Aten\u00e7\u00e3o pais de estudantes das escolas da Prefeitura de Penedo! A renova\u00e7\u00e3o da matr\u00edcula na unidade de ensino onde seu filho ou filha estuda come\u00e7a na pr\u00f3xima segunda-feira, 11 de dezembro.<\/p>\n<p>&nbsp;<\/p>\n<p>Para manter o aluno inclu\u00eddo na educa\u00e7\u00e3o da rede p\u00fablica municipal, basta que o adulto respons\u00e1vel pela crian\u00e7a ou adolescente confirme a continuidade, na mesma escola onde ele estuda.<\/p>\n<p>&nbsp;<\/p>\n<p>Vale ressaltar que o prazo da Secretaria Municipal de Educa\u00e7\u00e3o (SEMED) para renova\u00e7\u00e3o de matr\u00edcula termina no dia 21 de dezembro.<\/p>\n<p>&nbsp;<\/p>\n<p><strong>NOVATOS<\/strong><\/p>\n<p>&nbsp;<\/p>\n<p>Para novatos, o per\u00edodo de matr\u00edcula na rede da SEMED come\u00e7a somente em janeiro de 2024, a partir do dia 08, com obrigatoriedade da apresenta\u00e7\u00e3o de c\u00f3pia da certid\u00e3o de nascimento da crian\u00e7a\/adolescente, cart\u00e3o do SUS, cart\u00e3o de vacina\u00e7\u00e3o atualizado e uma foto 3\u00d74.<\/p>\n<p>&nbsp;<\/p>\n<p>O prazo para matr\u00edcula de novatos nas escolas e creches da Prefeitura de Penedo termina em 19 de janeiro, lembrando que os pais ou respons\u00e1veis tamb\u00e9m precisam apresentar comprovante recente de resid\u00eancia e c\u00f3pia do RG e do CPF.<\/p>\n<p>&nbsp;<\/p>\n<p>&nbsp;<\/p>\n<p>&nbsp;<\/p>\n<p><strong>Fonte: Secom PMP<\/strong><\/p>\n<p>&nbsp;<\/p>\n","protected":false},"excerpt":{"rendered":"<p>Aten\u00e7\u00e3o pais de estudantes das escolas da Prefeitura de Penedo! A renova\u00e7\u00e3o da matr\u00edcula na unidade de ensino onde seu filho ou filha estuda come\u00e7a na pr\u00f3xima segunda-feira, 11 de dezembro. &nbsp; Para manter o aluno inclu\u00eddo na educa\u00e7\u00e3o da rede p\u00fablica municipal, basta que o adulto respons\u00e1vel pela crian\u00e7a ou adolescente confirme a continuidade, &hellip;<\/p>\n","protected":false},"author":2,"featured_media":30094,"comment_status":"open","ping_status":"open","sticky":false,"template":"","format":"standard","meta":{"_jetpack_memberships_contains_paid_content":false,"footnotes":""},"categories":[1,3],"tags":[],"class_list":["post-30093","post","type-post","status-publish","format-standard","has-post-thumbnail","hentry","category-destaque","category-penedo"],"jetpack_featured_media_url":"https:\/\/www.oparanews.com.br\/wp-content\/uploads\/2023\/12\/semed-penedo-matricula.jpeg","jetpack_sharing_enabled":true,"_links":{"self":[{"href":"https:\/\/www.oparanews.com.br\/index.php\/wp-json\/wp\/v2\/posts\/30093","targetHints":{"allow":["GET"]}}],"collection":[{"href":"https:\/\/www.oparanews.com.br\/index.php\/wp-json\/wp\/v2\/posts"}],"about":[{"href":"https:\/\/www.oparanews.com.br\/index.php\/wp-json\/wp\/v2\/types\/post"}],"author":[{"embeddable":true,"href":"https:\/\/www.oparanews.com.br\/index.php\/wp-json\/wp\/v2\/users\/2"}],"replies":[{"embeddable":true,"href":"https:\/\/www.oparanews.com.br\/index.php\/wp-json\/wp\/v2\/comments?post=30093"}],"version-history":[{"count":1,"href":"https:\/\/www.oparanews.com.br\/index.php\/wp-json\/wp\/v2\/posts\/30093\/revisions"}],"predecessor-version":[{"id":30095,"href":"https:\/\/www.oparanews.com.br\/index.php\/wp-json\/wp\/v2\/posts\/30093\/revisions\/30095"}],"wp:featuredmedia":[{"embeddable":true,"href":"https:\/\/www.oparanews.com.br\/index.php\/wp-json\/wp\/v2\/media\/30094"}],"wp:attachment":[{"href":"https:\/\/www.oparanews.com.br\/index.php\/wp-json\/wp\/v2\/media?parent=30093"}],"wp:term":[{"taxonomy":"category","embeddable":true,"href":"https:\/\/www.oparanews.com.br\/index.php\/wp-json\/wp\/v2\/categories?post=30093"},{"taxonomy":"post_tag","embeddable":true,"href":"https:\/\/www.oparanews.com.br\/index.php\/wp-json\/wp\/v2\/tags?post=30093"}],"curies":[{"name":"wp","href":"https:\/\/api.w.org\/{rel}","templated":true}]}}