{"id":30113,"date":"2023-12-11T16:39:15","date_gmt":"2023-12-11T19:39:15","guid":{"rendered":"https:\/\/www.oparanews.com.br\/?p=30113"},"modified":"2023-12-12T16:44:38","modified_gmt":"2023-12-12T19:44:38","slug":"penedense-inicia-nesta-segunda-preparacao-para-2024","status":"publish","type":"post","link":"https:\/\/www.oparanews.com.br\/index.php\/2023\/12\/11\/penedense-inicia-nesta-segunda-preparacao-para-2024\/","title":{"rendered":"Penedense inicia nesta segunda prepara\u00e7\u00e3o para 2024"},"content":{"rendered":"<p>O Penedense come\u00e7a nesta segunda-feira a prepara\u00e7\u00e3o para o Campeonato Alagoano e a Copa Alagoas. Para 2024, o elenco ser\u00e1 comandado pelo t\u00e9cnico Jaelson Marcelino e conta com jogadores experientes.<\/p>\n<p>&nbsp;<\/p>\n<p>O clube contratou, por exemplo, o goleiro Diogo, que defendeu o Zumbi na Segundona do Alagoano, o meia Palhinha, que estava no Coruripe, o atacante Wallace, ex-Cruzeiro-AL.<\/p>\n<p>&nbsp;<\/p>\n<p>Jaelson vai contar ainda com uma base que conquistou a Segunda Divis\u00e3o do Alagoano. Ao todo, 13 jogadores participaram do acesso. Entre eles, os meio-campistas Sorin e Tesouro. Tres atletas tamb\u00e9m est\u00e3o em fase de observa\u00e7\u00e3o: Kau\u00e3 Minas, Cabe\u00e7a e Negueba.<\/p>\n<p>&nbsp;<\/p>\n<p>A estreia do Penedense no estadual ser\u00e1 contra o CRB, em casa. Pela Copa Alagoas, o time faz o primeiro jogo contra o CEO.<\/p>\n<p>&nbsp;<\/p>\n<p><strong>Elenco do Penedense<\/strong><\/p>\n<p>&nbsp;<\/p>\n<p><em><strong>Goleiros<\/strong><\/em><\/p>\n<p>&nbsp;<\/p>\n<p>Diogo (ex-Zumbi)<br \/>\nGiovane (ex-Fluminense de Feira)<br \/>\nCarlos Gabriel (ex-Alian\u00e7a)<br \/>\nGabriel (base)<\/p>\n<p>&nbsp;<\/p>\n<p><em><strong>Laterais<\/strong><\/em><\/p>\n<p>&nbsp;<\/p>\n<p>Thuol (remanescente)<br \/>\nPedrinho (remanescente)<br \/>\nTanaka (ex-Jacobina-BA)<br \/>\nRenato (ex-Murici)<br \/>\nDudu (base)<\/p>\n<p>&nbsp;<\/p>\n<p><em><strong>Zagueiros<\/strong><\/em><\/p>\n<p>&nbsp;<\/p>\n<p>L\u00e9o (remanescente)<br \/>\nRamos (remanescente)<br \/>\nMarcelo (remanescente)<br \/>\nGleydson (base)<\/p>\n<p>&nbsp;<\/p>\n<p><em><strong>Volantes<\/strong><\/em><\/p>\n<p>&nbsp;<\/p>\n<p>Sorim (remanescente)<br \/>\nBuga (remanescente)<br \/>\nLucas (Hope Internacional-PR)<br \/>\nFelipe (remanescente)<br \/>\nKau\u00e3 (base)<br \/>\nElly Carlos (base)<\/p>\n<p>&nbsp;<\/p>\n<p><em><strong>Meias<\/strong><\/em><\/p>\n<p>&nbsp;<\/p>\n<p>Palhinha (ex-Coruripe)<br \/>\nTesouro (remanescente)<br \/>\nDarlison (remanescente)<br \/>\nMatheus (ex-Coruripe)<br \/>\nRoberto (base)<\/p>\n<p>&nbsp;<\/p>\n<p><em><strong>Atacantes<\/strong><\/em><\/p>\n<p>&nbsp;<\/p>\n<p>Wallace (ex-Cruzeiro-AL)<br \/>\nDidinho (remanescente)<br \/>\nNilton (remanescente)<br \/>\nNeto (remanescente)<br \/>\nXilu (ex-Alecrim-RN)<br \/>\nErivaldo (base)<br \/>\nDau\u00e3 (base)<\/p>\n<p>&nbsp;<\/p>\n<p>&nbsp;<\/p>\n<p>&nbsp;<\/p>\n<p><strong>Fonte: GE\/AL<\/strong><\/p>\n<p>&nbsp;<\/p>\n","protected":false},"excerpt":{"rendered":"<p>O Penedense come\u00e7a nesta segunda-feira a prepara\u00e7\u00e3o para o Campeonato Alagoano e a Copa Alagoas. Para 2024, o elenco ser\u00e1 comandado pelo t\u00e9cnico Jaelson Marcelino e conta com jogadores experientes. &nbsp; O clube contratou, por exemplo, o goleiro Diogo, que defendeu o Zumbi na Segundona do Alagoano, o meia Palhinha, que estava no Coruripe, o &hellip;<\/p>\n","protected":false},"author":2,"featured_media":30114,"comment_status":"open","ping_status":"open","sticky":false,"template":"","format":"standard","meta":{"_jetpack_memberships_contains_paid_content":false,"footnotes":""},"categories":[1,6,3],"tags":[],"class_list":["post-30113","post","type-post","status-publish","format-standard","has-post-thumbnail","hentry","category-destaque","category-esporte","category-penedo"],"jetpack_featured_media_url":"https:\/\/www.oparanews.com.br\/wp-content\/uploads\/2023\/12\/whatsapp-image-2023-11-23-at-09.33.50.webp","jetpack_sharing_enabled":true,"_links":{"self":[{"href":"https:\/\/www.oparanews.com.br\/index.php\/wp-json\/wp\/v2\/posts\/30113","targetHints":{"allow":["GET"]}}],"collection":[{"href":"https:\/\/www.oparanews.com.br\/index.php\/wp-json\/wp\/v2\/posts"}],"about":[{"href":"https:\/\/www.oparanews.com.br\/index.php\/wp-json\/wp\/v2\/types\/post"}],"author":[{"embeddable":true,"href":"https:\/\/www.oparanews.com.br\/index.php\/wp-json\/wp\/v2\/users\/2"}],"replies":[{"embeddable":true,"href":"https:\/\/www.oparanews.com.br\/index.php\/wp-json\/wp\/v2\/comments?post=30113"}],"version-history":[{"count":1,"href":"https:\/\/www.oparanews.com.br\/index.php\/wp-json\/wp\/v2\/posts\/30113\/revisions"}],"predecessor-version":[{"id":30115,"href":"https:\/\/www.oparanews.com.br\/index.php\/wp-json\/wp\/v2\/posts\/30113\/revisions\/30115"}],"wp:featuredmedia":[{"embeddable":true,"href":"https:\/\/www.oparanews.com.br\/index.php\/wp-json\/wp\/v2\/media\/30114"}],"wp:attachment":[{"href":"https:\/\/www.oparanews.com.br\/index.php\/wp-json\/wp\/v2\/media?parent=30113"}],"wp:term":[{"taxonomy":"category","embeddable":true,"href":"https:\/\/www.oparanews.com.br\/index.php\/wp-json\/wp\/v2\/categories?post=30113"},{"taxonomy":"post_tag","embeddable":true,"href":"https:\/\/www.oparanews.com.br\/index.php\/wp-json\/wp\/v2\/tags?post=30113"}],"curies":[{"name":"wp","href":"https:\/\/api.w.org\/{rel}","templated":true}]}}