{"id":30135,"date":"2023-12-13T16:13:46","date_gmt":"2023-12-13T19:13:46","guid":{"rendered":"https:\/\/www.oparanews.com.br\/?p=30135"},"modified":"2023-12-13T16:13:46","modified_gmt":"2023-12-13T19:13:46","slug":"vereador-marival-oliveira-repudia-ataques-contra-colegas-parlamentares-da-camara-municipal-de-penedo","status":"publish","type":"post","link":"https:\/\/www.oparanews.com.br\/index.php\/2023\/12\/13\/vereador-marival-oliveira-repudia-ataques-contra-colegas-parlamentares-da-camara-municipal-de-penedo\/","title":{"rendered":"Vereador Marival Oliveira repudia ataques contra colegas parlamentares da C\u00e2mara Municipal de Penedo"},"content":{"rendered":"<p>O Vereador Sargento Marival (Marival Oliveira Santos) externou seu rep\u00fadio aos ataques direcionados aos colegas edis Valdinho Monteiro e J\u00fanior do T\u00f3 em fun\u00e7\u00e3o do posicionamento dos mesmos, agora membros da bancada de situa\u00e7\u00e3o.<\/p>\n<p>&nbsp;<\/p>\n<p>Em seu discurso na sess\u00e3o de 30 de novembro, Marival afirmou que os ataques n\u00e3o s\u00e3o admiss\u00edveis porque vivemos no estado democr\u00e1tico de direito, considerando o desrespeito como molecagem e deboche por serem homens de bem e pessoas de postura.<\/p>\n<p>&nbsp;<\/p>\n<p>Ele tamb\u00e9m comentou sobre o ServCard, cart\u00e3o que volta a atender servidores efetivos da Prefeitura de Penedo em compras exclusivas no com\u00e9rcio local, iniciativa que atende demanda do funcionalismo e do setor gerador de emprego e renda; e solicitou Mo\u00e7\u00e3o de Aplauso para o Deputado Federal Arthur Lira em fun\u00e7\u00e3o dos relevantes servi\u00e7os prestados ao povo de Penedo e Alagoas.<\/p>\n<p>&nbsp;<\/p>\n<p>Na condi\u00e7\u00e3o de relator da Comiss\u00e3o de Finan\u00e7as, antecipou seu parecer favor\u00e1vel \u00e0 tramita\u00e7\u00e3o do Projeto de Lei enviado pelo Poder Executivo que pede autoriza\u00e7\u00e3o da casa legislativa para contratar empr\u00e9stimo no valor de 32 milh\u00f5es de reais, consultando o setor jur\u00eddico da CMP, afirmando ainda n\u00e3o temer o que ser\u00e1 dito em uma r\u00e1dio da cidade.<\/p>\n<p>&nbsp;<\/p>\n<p>Na condi\u00e7\u00e3o de comerciante do ramo de carnes, ele apresentou documento do Abatedouro Nutrial (local de abate de bovinos, ovinos e su\u00ednos situado em Propri\u00e1-SE) que comprova a origem da carne que comercializa.<\/p>\n<p>&nbsp;<\/p>\n<p>Na forma de requerimento, pede que o poder p\u00fablico providencie local adequado para o pessoal que trabalha com carrinhos de m\u00e3o na feira livre do centro da cidade, de modo a desobstruir a esquina entre as ruas Ulisses Batinga e Campos Teixeira.<\/p>\n<p>&nbsp;<\/p>\n<p>&nbsp;<\/p>\n<p>&nbsp;<\/p>\n<p><strong>Fonte: Ascom CMP<\/strong><\/p>\n<p>&nbsp;<\/p>\n","protected":false},"excerpt":{"rendered":"<p>O Vereador Sargento Marival (Marival Oliveira Santos) externou seu rep\u00fadio aos ataques direcionados aos colegas edis Valdinho Monteiro e J\u00fanior do T\u00f3 em fun\u00e7\u00e3o do posicionamento dos mesmos, agora membros da bancada de situa\u00e7\u00e3o. &nbsp; Em seu discurso na sess\u00e3o de 30 de novembro, Marival afirmou que os ataques n\u00e3o s\u00e3o admiss\u00edveis porque vivemos no &hellip;<\/p>\n","protected":false},"author":2,"featured_media":29258,"comment_status":"open","ping_status":"open","sticky":false,"template":"","format":"standard","meta":{"_jetpack_memberships_contains_paid_content":false,"footnotes":""},"categories":[4,3],"tags":[],"class_list":["post-30135","post","type-post","status-publish","format-standard","has-post-thumbnail","hentry","category-alagoas","category-penedo"],"jetpack_featured_media_url":"https:\/\/www.oparanews.com.br\/wp-content\/uploads\/2023\/09\/marival.png","jetpack_sharing_enabled":true,"_links":{"self":[{"href":"https:\/\/www.oparanews.com.br\/index.php\/wp-json\/wp\/v2\/posts\/30135","targetHints":{"allow":["GET"]}}],"collection":[{"href":"https:\/\/www.oparanews.com.br\/index.php\/wp-json\/wp\/v2\/posts"}],"about":[{"href":"https:\/\/www.oparanews.com.br\/index.php\/wp-json\/wp\/v2\/types\/post"}],"author":[{"embeddable":true,"href":"https:\/\/www.oparanews.com.br\/index.php\/wp-json\/wp\/v2\/users\/2"}],"replies":[{"embeddable":true,"href":"https:\/\/www.oparanews.com.br\/index.php\/wp-json\/wp\/v2\/comments?post=30135"}],"version-history":[{"count":1,"href":"https:\/\/www.oparanews.com.br\/index.php\/wp-json\/wp\/v2\/posts\/30135\/revisions"}],"predecessor-version":[{"id":30136,"href":"https:\/\/www.oparanews.com.br\/index.php\/wp-json\/wp\/v2\/posts\/30135\/revisions\/30136"}],"wp:featuredmedia":[{"embeddable":true,"href":"https:\/\/www.oparanews.com.br\/index.php\/wp-json\/wp\/v2\/media\/29258"}],"wp:attachment":[{"href":"https:\/\/www.oparanews.com.br\/index.php\/wp-json\/wp\/v2\/media?parent=30135"}],"wp:term":[{"taxonomy":"category","embeddable":true,"href":"https:\/\/www.oparanews.com.br\/index.php\/wp-json\/wp\/v2\/categories?post=30135"},{"taxonomy":"post_tag","embeddable":true,"href":"https:\/\/www.oparanews.com.br\/index.php\/wp-json\/wp\/v2\/tags?post=30135"}],"curies":[{"name":"wp","href":"https:\/\/api.w.org\/{rel}","templated":true}]}}