{"id":30171,"date":"2023-12-16T21:01:29","date_gmt":"2023-12-17T00:01:29","guid":{"rendered":"https:\/\/www.oparanews.com.br\/?p=30171"},"modified":"2023-12-16T21:01:29","modified_gmt":"2023-12-17T00:01:29","slug":"marinha-do-brasil-realiza-operacao-verao-2023-2024","status":"publish","type":"post","link":"https:\/\/www.oparanews.com.br\/index.php\/2023\/12\/16\/marinha-do-brasil-realiza-operacao-verao-2023-2024\/","title":{"rendered":"Marinha do Brasil realiza Opera\u00e7\u00e3o Ver\u00e3o 2023-2024"},"content":{"rendered":"<p>A Marinha do Brasil, por meio da Ag\u00eancia Fluvial de Penedo, inicia, nesta sexta-feira (15), a Opera\u00e7\u00e3o Ver\u00e3o 2023-2024, com a intensifica\u00e7\u00e3o das a\u00e7\u00f5es de fiscaliza\u00e7\u00e3o do tr\u00e1fego aquavi\u00e1rio e de conscientiza\u00e7\u00e3o de condutores e passageiros quanto \u00e0 salvaguarda da vida humana, \u00e0 seguran\u00e7a da navega\u00e7\u00e3o e \u00e0 preven\u00e7\u00e3o da polui\u00e7\u00e3o ambiental no mar e no Rio S\u00e3o Francisco.<\/p>\n<p>&nbsp;<\/p>\n<p>A Opera\u00e7\u00e3o se concentra entre os meses de dezembro de 2023 e fevereiro de 2024, per\u00edodo que compreende as festividades de fim de ano e o ver\u00e3o, quando \u00e9 observado expressivo aumento do tr\u00e1fego das embarca\u00e7\u00f5es de esporte e lazer no mar, rios e lagoas, e tem como prop\u00f3sito, criar um di\u00e1logo e conscientiza\u00e7\u00e3o com a sociedade, principalmente com a comunidade mar\u00edtima, pescadores e passageiros de embarca\u00e7\u00f5es de turismo n\u00e1utico.<\/p>\n<p>&nbsp;<\/p>\n<p>Com o slogan &#8220;NAVSEG: voc\u00ea conectado a uma navega\u00e7\u00e3o segura&#8221;, nesta Opera\u00e7\u00e3o Ver\u00e3o, a Marinha do Brasil traz uma novidade: O aplicativo NAVSEG. lan\u00e7ado recentemente atrav\u00e9s da Diretoria de Portos e Costas (DPC) em parceria com o Minist\u00e9rio do Turismo, a fim de proporcionar aos comandantes de embarca\u00e7\u00e3o e a seus passageiros mais seguran\u00e7a durante a navega\u00e7\u00e3o. Essa divulga\u00e7\u00e3o, visa fomentar a import\u00e2ncia do uso do aplicativo para o incremento da seguran\u00e7a da navega\u00e7\u00e3o e a sua contribui\u00e7\u00e3o para a salvaguarda de vida humana.<\/p>\n<p>&nbsp;<\/p>\n<p>O uso do aplicativo NAVSEG substitui de forma mais \u00e1gil e sustent\u00e1vel o \u201cAviso de Sa\u00edda\u201d, documento que informa a Marina ou Capitania dos Portos da \u00e1rea de jurisdi\u00e7\u00e3o o plano de viagem da embarca\u00e7\u00e3o.<\/p>\n<p>&nbsp;<\/p>\n<p>No aplicativo NAVSEG, por meio de sinal de telefonia celular, \u00e9 poss\u00edvel realizar o compartilhamento volunt\u00e1rio de dados espec\u00edficos da embarca\u00e7\u00e3o e da geolocaliza\u00e7\u00e3o do usu\u00e1rio, assim como outras informa\u00e7\u00f5es sobre a navega\u00e7\u00e3o. Em caso de necessidade, as autoridades saber\u00e3o por onde iniciar as buscas. O aplicativo \u00e9 gratuito e est\u00e1 dispon\u00edvel para download nas plataformas Android e IOS, e utiliza login \u00fanico integrado ao aplicativo \u201cgov.br\u201d.<\/p>\n<p>&nbsp;<\/p>\n<p>Apesar de todos os esfor\u00e7os concentrados durante os meses da Opera\u00e7\u00e3o Ver\u00e3o, as a\u00e7\u00f5es educativas e fiscalizat\u00f3rias n\u00e3o se limitam a esse per\u00edodo, sendo realizadas de maneira ininterrupta durante todo o ano, com foco no cumprimento das normas de seguran\u00e7a da navega\u00e7\u00e3o.<\/p>\n<p>&nbsp;<\/p>\n<p>A AgPenedo disponibiliza os telefones 185, para Emerg\u00eancias Mar\u00edtimas e Fluviais, e o (82) 99324-8483 ou (82) 3551-2277, para den\u00fancias de situa\u00e7\u00f5es que representem risco para a seguran\u00e7a da navega\u00e7\u00e3o, a salvaguarda da vida humana no mar e a preven\u00e7\u00e3o da polui\u00e7\u00e3o ambiental por parte de embarca\u00e7\u00f5es.<\/p>\n<p>&nbsp;<\/p>\n<p>&nbsp;<\/p>\n<p>&nbsp;<\/p>\n<p><strong>Fonte: Assessoria de Comunica\u00e7\u00e3o Social da Ag\u00eancia Fluvial de Penedo<\/strong><\/p>\n<p>&nbsp;<\/p>\n","protected":false},"excerpt":{"rendered":"<p>A Marinha do Brasil, por meio da Ag\u00eancia Fluvial de Penedo, inicia, nesta sexta-feira (15), a Opera\u00e7\u00e3o Ver\u00e3o 2023-2024, com a intensifica\u00e7\u00e3o das a\u00e7\u00f5es de fiscaliza\u00e7\u00e3o do tr\u00e1fego aquavi\u00e1rio e de conscientiza\u00e7\u00e3o de condutores e passageiros quanto \u00e0 salvaguarda da vida humana, \u00e0 seguran\u00e7a da navega\u00e7\u00e3o e \u00e0 preven\u00e7\u00e3o da polui\u00e7\u00e3o ambiental no mar e &hellip;<\/p>\n","protected":false},"author":2,"featured_media":30172,"comment_status":"open","ping_status":"open","sticky":false,"template":"","format":"standard","meta":{"_jetpack_memberships_contains_paid_content":false,"footnotes":""},"categories":[4,1,3],"tags":[],"class_list":["post-30171","post","type-post","status-publish","format-standard","has-post-thumbnail","hentry","category-alagoas","category-destaque","category-penedo"],"jetpack_featured_media_url":"https:\/\/www.oparanews.com.br\/wp-content\/uploads\/2023\/12\/Embarcacao-da-AgPenedo_3-scaled.jpg","jetpack_sharing_enabled":true,"_links":{"self":[{"href":"https:\/\/www.oparanews.com.br\/index.php\/wp-json\/wp\/v2\/posts\/30171","targetHints":{"allow":["GET"]}}],"collection":[{"href":"https:\/\/www.oparanews.com.br\/index.php\/wp-json\/wp\/v2\/posts"}],"about":[{"href":"https:\/\/www.oparanews.com.br\/index.php\/wp-json\/wp\/v2\/types\/post"}],"author":[{"embeddable":true,"href":"https:\/\/www.oparanews.com.br\/index.php\/wp-json\/wp\/v2\/users\/2"}],"replies":[{"embeddable":true,"href":"https:\/\/www.oparanews.com.br\/index.php\/wp-json\/wp\/v2\/comments?post=30171"}],"version-history":[{"count":1,"href":"https:\/\/www.oparanews.com.br\/index.php\/wp-json\/wp\/v2\/posts\/30171\/revisions"}],"predecessor-version":[{"id":30173,"href":"https:\/\/www.oparanews.com.br\/index.php\/wp-json\/wp\/v2\/posts\/30171\/revisions\/30173"}],"wp:featuredmedia":[{"embeddable":true,"href":"https:\/\/www.oparanews.com.br\/index.php\/wp-json\/wp\/v2\/media\/30172"}],"wp:attachment":[{"href":"https:\/\/www.oparanews.com.br\/index.php\/wp-json\/wp\/v2\/media?parent=30171"}],"wp:term":[{"taxonomy":"category","embeddable":true,"href":"https:\/\/www.oparanews.com.br\/index.php\/wp-json\/wp\/v2\/categories?post=30171"},{"taxonomy":"post_tag","embeddable":true,"href":"https:\/\/www.oparanews.com.br\/index.php\/wp-json\/wp\/v2\/tags?post=30171"}],"curies":[{"name":"wp","href":"https:\/\/api.w.org\/{rel}","templated":true}]}}