{"id":30174,"date":"2023-12-16T21:14:30","date_gmt":"2023-12-17T00:14:30","guid":{"rendered":"https:\/\/www.oparanews.com.br\/?p=30174"},"modified":"2023-12-16T21:14:30","modified_gmt":"2023-12-17T00:14:30","slug":"alunos-penedenses-recebem-medalha-e-diploma-da-marinha-do-brasil","status":"publish","type":"post","link":"https:\/\/www.oparanews.com.br\/index.php\/2023\/12\/16\/alunos-penedenses-recebem-medalha-e-diploma-da-marinha-do-brasil\/","title":{"rendered":"Alunos penedenses recebem medalha e diploma da Marinha do Brasil"},"content":{"rendered":"<p>Na \u00faltima ter\u00e7a-feira, 12, os alunos da rede municipal de educa\u00e7\u00e3o p\u00fablica e privada de Penedo, que participaram da Opera\u00e7\u00e3o Cisne Branco, foram destaque na Cerim\u00f4nia Alusiva ao Dia do Marinheiro, realizada na Ag\u00eancia Fluvial de Penedo (AgPenedo). Durante a cerim\u00f4nia foi realizada a premia\u00e7\u00e3o dos alunos vencedores da 45a Edi\u00e7\u00e3o da Opera\u00e7\u00e3o Cisne Branco.<\/p>\n<p><a href=\"http:\/\/www.oparanews.com.br\/wp-content\/uploads\/2023\/12\/2.png\"><img loading=\"lazy\" decoding=\"async\" class=\"aligncenter size-full wp-image-30176\" src=\"http:\/\/www.oparanews.com.br\/wp-content\/uploads\/2023\/12\/2.png\" alt=\"\" width=\"649\" height=\"494\" srcset=\"https:\/\/www.oparanews.com.br\/wp-content\/uploads\/2023\/12\/2.png 649w, https:\/\/www.oparanews.com.br\/wp-content\/uploads\/2023\/12\/2-300x228.png 300w\" sizes=\"auto, (max-width: 649px) 100vw, 649px\" \/><\/a><\/p>\n<p>Trata-se de um concurso de reda\u00e7\u00e3o conduzido pela Marinha do Brasil, que visa, em parceria com as Escolas e professores, despertar nos alunos, familiares e professores, a Mentalidade Mar\u00edtima e o interesse pelos assuntos que envolvam a Marinha do Brasil.<\/p>\n<p>&nbsp;<\/p>\n<p>Neste ano, os temas da Opera\u00e7\u00e3o Cisne Branco destacaram a import\u00e2ncia da participa\u00e7\u00e3o da Marinha no processo de Independ\u00eancia do Brasil. Dividido entre o ensino fundamental (6\u00b0 ao 9\u00b0 ano) e o ensino m\u00e9dio, os temas s\u00e3o distintos, para os alunos do ensino fundamental: \u201cA participa\u00e7\u00e3o da Marinha na Independ\u00eancia do Brasil\u201d, e para os alunos do Ensino M\u00e9dio: \u201cO poder naval e a Independ\u00eancia do Brasil: a consolida\u00e7\u00e3o da soberania pelo mar\u201d.<\/p>\n<p><a href=\"http:\/\/www.oparanews.com.br\/wp-content\/uploads\/2023\/12\/Aposicao-de-medalhas-Operacao-Cisne-Branco-2.jpeg\"><img loading=\"lazy\" decoding=\"async\" class=\"aligncenter size-full wp-image-30182\" src=\"http:\/\/www.oparanews.com.br\/wp-content\/uploads\/2023\/12\/Aposicao-de-medalhas-Operacao-Cisne-Branco-2.jpeg\" alt=\"\" width=\"1600\" height=\"1200\" srcset=\"https:\/\/www.oparanews.com.br\/wp-content\/uploads\/2023\/12\/Aposicao-de-medalhas-Operacao-Cisne-Branco-2.jpeg 1600w, https:\/\/www.oparanews.com.br\/wp-content\/uploads\/2023\/12\/Aposicao-de-medalhas-Operacao-Cisne-Branco-2-300x225.jpeg 300w, https:\/\/www.oparanews.com.br\/wp-content\/uploads\/2023\/12\/Aposicao-de-medalhas-Operacao-Cisne-Branco-2-1024x768.jpeg 1024w, https:\/\/www.oparanews.com.br\/wp-content\/uploads\/2023\/12\/Aposicao-de-medalhas-Operacao-Cisne-Branco-2-768x576.jpeg 768w, https:\/\/www.oparanews.com.br\/wp-content\/uploads\/2023\/12\/Aposicao-de-medalhas-Operacao-Cisne-Branco-2-1536x1152.jpeg 1536w\" sizes=\"auto, (max-width: 1600px) 100vw, 1600px\" \/><\/a><\/p>\n<p>Durante o evento, 17 alunos foram condecorados com a Medalha Cisne Branco e com o diploma de honra ao m\u00e9rito. Entre os vencedores, destacaram-se os alunos Pedro Manoel de Oliveira Mota, do Col\u00e9gio Leonor Gon\u00e7alves Peixoto, e Jos\u00e9 Diniz Tojal Dantas Neto, do Col\u00e9gio Imaculada Concei\u00e7\u00e3o, ambos selecionados com as melhores reda\u00e7\u00f5es da Cidade de Penedo, do ensino fundamental e m\u00e9dio, respectivamente. O aluno Jos\u00e9 Diniz Tojal Dantas Neto, do Col\u00e9gio Imaculada Concei\u00e7\u00e3o, ainda teve sua reda\u00e7\u00e3o selecionada como a melhor do ensino m\u00e9dio do Estado de Alagoas.<\/p>\n<p>&nbsp;<\/p>\n<p>Al\u00e9m dos alunos, foram agraciados com o Diploma M\u00e9rito Educacional, os professores e as Escolas participantes, como reconhecimento a excelente qualidade e ao alto sentido pedag\u00f3gico dos mestres, bem como ao excelente servi\u00e7o prestado \u00e0 comunidade pelas Escolas e pela parceria com a Marinha do Brasil, certos de que essa parceria ser\u00e1 mantida para as pr\u00f3ximas Opera\u00e7\u00f5es Cisne Branco.<\/p>\n<p>&nbsp;<\/p>\n<p>&nbsp;<\/p>\n<p>&nbsp;<\/p>\n<p>&nbsp;<\/p>\n<p><strong>Fonte: Assessoria de Comunica\u00e7\u00e3o Social da Ag\u00eancia Fluvial de Penedo<\/strong><\/p>\n<p>&nbsp;<\/p>\n<p><a href=\"http:\/\/www.oparanews.com.br\/wp-content\/uploads\/2023\/12\/Entrega-de-certificados-as-professoras.jpeg\"><img loading=\"lazy\" decoding=\"async\" class=\"alignleft size-medium wp-image-30181\" src=\"http:\/\/www.oparanews.com.br\/wp-content\/uploads\/2023\/12\/Entrega-de-certificados-as-professoras-135x300.jpeg\" alt=\"\" width=\"135\" height=\"300\" srcset=\"https:\/\/www.oparanews.com.br\/wp-content\/uploads\/2023\/12\/Entrega-de-certificados-as-professoras-135x300.jpeg 135w, https:\/\/www.oparanews.com.br\/wp-content\/uploads\/2023\/12\/Entrega-de-certificados-as-professoras-461x1024.jpeg 461w, https:\/\/www.oparanews.com.br\/wp-content\/uploads\/2023\/12\/Entrega-de-certificados-as-professoras.jpeg 576w\" sizes=\"auto, (max-width: 135px) 100vw, 135px\" \/><\/a><a href=\"http:\/\/www.oparanews.com.br\/wp-content\/uploads\/2023\/12\/Entrega-de-certificados-aos-alunos-selecionados.jpeg\"><img loading=\"lazy\" decoding=\"async\" class=\"alignleft size-medium wp-image-30180\" src=\"http:\/\/www.oparanews.com.br\/wp-content\/uploads\/2023\/12\/Entrega-de-certificados-aos-alunos-selecionados-300x225.jpeg\" alt=\"\" width=\"300\" height=\"225\" srcset=\"https:\/\/www.oparanews.com.br\/wp-content\/uploads\/2023\/12\/Entrega-de-certificados-aos-alunos-selecionados-300x225.jpeg 300w, https:\/\/www.oparanews.com.br\/wp-content\/uploads\/2023\/12\/Entrega-de-certificados-aos-alunos-selecionados-1024x768.jpeg 1024w, https:\/\/www.oparanews.com.br\/wp-content\/uploads\/2023\/12\/Entrega-de-certificados-aos-alunos-selecionados-768x576.jpeg 768w, https:\/\/www.oparanews.com.br\/wp-content\/uploads\/2023\/12\/Entrega-de-certificados-aos-alunos-selecionados-1536x1152.jpeg 1536w, https:\/\/www.oparanews.com.br\/wp-content\/uploads\/2023\/12\/Entrega-de-certificados-aos-alunos-selecionados.jpeg 1600w\" sizes=\"auto, (max-width: 300px) 100vw, 300px\" \/><\/a><a href=\"http:\/\/www.oparanews.com.br\/wp-content\/uploads\/2023\/12\/Entrega-de-certificados-as-escolas.jpeg\"><img loading=\"lazy\" decoding=\"async\" class=\"alignleft size-medium wp-image-30179\" src=\"http:\/\/www.oparanews.com.br\/wp-content\/uploads\/2023\/12\/Entrega-de-certificados-as-escolas-135x300.jpeg\" alt=\"\" width=\"135\" height=\"300\" srcset=\"https:\/\/www.oparanews.com.br\/wp-content\/uploads\/2023\/12\/Entrega-de-certificados-as-escolas-135x300.jpeg 135w, https:\/\/www.oparanews.com.br\/wp-content\/uploads\/2023\/12\/Entrega-de-certificados-as-escolas-461x1024.jpeg 461w, https:\/\/www.oparanews.com.br\/wp-content\/uploads\/2023\/12\/Entrega-de-certificados-as-escolas.jpeg 576w\" sizes=\"auto, (max-width: 135px) 100vw, 135px\" \/><\/a><a href=\"http:\/\/www.oparanews.com.br\/wp-content\/uploads\/2023\/12\/Cerimonial-de-arriamento-da-Bandeira-Nacional.jpeg\"><img loading=\"lazy\" decoding=\"async\" class=\"alignleft size-medium wp-image-30178\" src=\"http:\/\/www.oparanews.com.br\/wp-content\/uploads\/2023\/12\/Cerimonial-de-arriamento-da-Bandeira-Nacional-300x135.jpeg\" alt=\"\" width=\"300\" height=\"135\" srcset=\"https:\/\/www.oparanews.com.br\/wp-content\/uploads\/2023\/12\/Cerimonial-de-arriamento-da-Bandeira-Nacional-300x135.jpeg 300w, https:\/\/www.oparanews.com.br\/wp-content\/uploads\/2023\/12\/Cerimonial-de-arriamento-da-Bandeira-Nacional-1024x461.jpeg 1024w, https:\/\/www.oparanews.com.br\/wp-content\/uploads\/2023\/12\/Cerimonial-de-arriamento-da-Bandeira-Nacional-768x346.jpeg 768w, https:\/\/www.oparanews.com.br\/wp-content\/uploads\/2023\/12\/Cerimonial-de-arriamento-da-Bandeira-Nacional.jpeg 1280w\" sizes=\"auto, (max-width: 300px) 100vw, 300px\" \/><\/a><a href=\"http:\/\/www.oparanews.com.br\/wp-content\/uploads\/2023\/12\/Aluno-Jose-Diniz-Tojal-Dantas-Neto.jpeg\"><img loading=\"lazy\" decoding=\"async\" class=\"alignleft size-medium wp-image-30177\" src=\"http:\/\/www.oparanews.com.br\/wp-content\/uploads\/2023\/12\/Aluno-Jose-Diniz-Tojal-Dantas-Neto-135x300.jpeg\" alt=\"\" width=\"135\" height=\"300\" srcset=\"https:\/\/www.oparanews.com.br\/wp-content\/uploads\/2023\/12\/Aluno-Jose-Diniz-Tojal-Dantas-Neto-135x300.jpeg 135w, https:\/\/www.oparanews.com.br\/wp-content\/uploads\/2023\/12\/Aluno-Jose-Diniz-Tojal-Dantas-Neto-461x1024.jpeg 461w, https:\/\/www.oparanews.com.br\/wp-content\/uploads\/2023\/12\/Aluno-Jose-Diniz-Tojal-Dantas-Neto.jpeg 576w\" sizes=\"auto, (max-width: 135px) 100vw, 135px\" \/><\/a><\/p>\n<p>&nbsp;<\/p>\n<p>&nbsp;<\/p>\n<p>&nbsp;<\/p>\n<p>&nbsp;<\/p>\n<p>&nbsp;<\/p>\n<p>&nbsp;<\/p>\n<p>&nbsp;<\/p>\n<p>&nbsp;<\/p>\n<p>&nbsp;<\/p>\n<p>&nbsp;<\/p>\n<p>&nbsp;<\/p>\n<p>&nbsp;<\/p>\n<p>&nbsp;<\/p>\n<p>&nbsp;<\/p>\n<p>&nbsp;<\/p>\n<p>&nbsp;<\/p>\n<p>&nbsp;<\/p>\n<p>&nbsp;<\/p>\n<p>&nbsp;<\/p>\n","protected":false},"excerpt":{"rendered":"<p>Na \u00faltima ter\u00e7a-feira, 12, os alunos da rede municipal de educa\u00e7\u00e3o p\u00fablica e privada de Penedo, que participaram da Opera\u00e7\u00e3o Cisne Branco, foram destaque na Cerim\u00f4nia Alusiva ao Dia do Marinheiro, realizada na Ag\u00eancia Fluvial de Penedo (AgPenedo). Durante a cerim\u00f4nia foi realizada a premia\u00e7\u00e3o dos alunos vencedores da 45a Edi\u00e7\u00e3o da Opera\u00e7\u00e3o Cisne Branco. &hellip;<\/p>\n","protected":false},"author":2,"featured_media":30175,"comment_status":"open","ping_status":"open","sticky":false,"template":"","format":"standard","meta":{"_jetpack_memberships_contains_paid_content":false,"footnotes":""},"categories":[1,3],"tags":[],"class_list":["post-30174","post","type-post","status-publish","format-standard","has-post-thumbnail","hentry","category-destaque","category-penedo"],"jetpack_featured_media_url":"https:\/\/www.oparanews.com.br\/wp-content\/uploads\/2023\/12\/1.png","jetpack_sharing_enabled":true,"_links":{"self":[{"href":"https:\/\/www.oparanews.com.br\/index.php\/wp-json\/wp\/v2\/posts\/30174","targetHints":{"allow":["GET"]}}],"collection":[{"href":"https:\/\/www.oparanews.com.br\/index.php\/wp-json\/wp\/v2\/posts"}],"about":[{"href":"https:\/\/www.oparanews.com.br\/index.php\/wp-json\/wp\/v2\/types\/post"}],"author":[{"embeddable":true,"href":"https:\/\/www.oparanews.com.br\/index.php\/wp-json\/wp\/v2\/users\/2"}],"replies":[{"embeddable":true,"href":"https:\/\/www.oparanews.com.br\/index.php\/wp-json\/wp\/v2\/comments?post=30174"}],"version-history":[{"count":1,"href":"https:\/\/www.oparanews.com.br\/index.php\/wp-json\/wp\/v2\/posts\/30174\/revisions"}],"predecessor-version":[{"id":30183,"href":"https:\/\/www.oparanews.com.br\/index.php\/wp-json\/wp\/v2\/posts\/30174\/revisions\/30183"}],"wp:featuredmedia":[{"embeddable":true,"href":"https:\/\/www.oparanews.com.br\/index.php\/wp-json\/wp\/v2\/media\/30175"}],"wp:attachment":[{"href":"https:\/\/www.oparanews.com.br\/index.php\/wp-json\/wp\/v2\/media?parent=30174"}],"wp:term":[{"taxonomy":"category","embeddable":true,"href":"https:\/\/www.oparanews.com.br\/index.php\/wp-json\/wp\/v2\/categories?post=30174"},{"taxonomy":"post_tag","embeddable":true,"href":"https:\/\/www.oparanews.com.br\/index.php\/wp-json\/wp\/v2\/tags?post=30174"}],"curies":[{"name":"wp","href":"https:\/\/api.w.org\/{rel}","templated":true}]}}