{"id":30196,"date":"2023-12-18T16:06:56","date_gmt":"2023-12-18T19:06:56","guid":{"rendered":"https:\/\/www.oparanews.com.br\/?p=30196"},"modified":"2023-12-18T16:06:56","modified_gmt":"2023-12-18T19:06:56","slug":"prefeitura-de-penedo-realizara-grande-acao-de-vacinacao-contra-covid-no-comercio-da-cidade","status":"publish","type":"post","link":"https:\/\/www.oparanews.com.br\/index.php\/2023\/12\/18\/prefeitura-de-penedo-realizara-grande-acao-de-vacinacao-contra-covid-no-comercio-da-cidade\/","title":{"rendered":"Prefeitura de Penedo realizar\u00e1 grande a\u00e7\u00e3o de vacina\u00e7\u00e3o contra Covid no com\u00e9rcio da cidade"},"content":{"rendered":"<p>A Prefeitura de Penedo, atrav\u00e9s da Secretaria Municipal de Sa\u00fade (SEMS), vai realizar uma grande a\u00e7\u00e3o de vacina\u00e7\u00e3o contra Covid-19 no com\u00e9rcio da cidade no pr\u00f3ximo s\u00e1bado, 23 de dezembro.<\/p>\n<p>&nbsp;<\/p>\n<p>O Expresso Sa\u00fade estar\u00e1 com seus servi\u00e7os em frente ao Theatro Sete de Setembro, onde a equipe de vacina\u00e7\u00e3o ir\u00e1 atualizar o esquema vacinal da popula\u00e7\u00e3o.<\/p>\n<p>&nbsp;<\/p>\n<p>O foco \u00e9 manter os penedenses mais protegidos contra as variantes do coronav\u00edrus, tendo em vista ainda a maior circula\u00e7\u00e3o de pessoas na cidade nesse per\u00edodo de festas de final de ano e festejos de Bom Jesus dos Navegantes.<\/p>\n<p>&nbsp;<\/p>\n<p>A a\u00e7\u00e3o de vacina\u00e7\u00e3o da SEMS Penedo come\u00e7a \u00e0s 7h e vai at\u00e9 \u00e0s 17 horas. Ser\u00e3o oferecidas todas as doses dos imunizantes contra a Covid-19 a partir dos 6 meses de idade, a realiza\u00e7\u00e3o de testes r\u00e1pidos e aferi\u00e7\u00e3o de glicemia.<\/p>\n<p>&nbsp;<\/p>\n<p>\u201cAs vacinas s\u00e3o muito importantes para manter a popula\u00e7\u00e3o protegida contra v\u00e1rias doen\u00e7as. A Covid est\u00e1 a\u00ed e veio pra ficar, a exemplo das vacinas que fazemos todos os anos contra a gripe Influenza. Conseguimos erradicar algumas doen\u00e7as, gra\u00e7as \u00e0s vacinas, elas s\u00e3o eficazes e garantem a seguran\u00e7a da popula\u00e7\u00e3o\u201d, explica a Diretora de Epidemiologia e Imuniza\u00e7\u00e3o da SEMS, Dhayanna Gabryella de Oliveira.<\/p>\n<p>&nbsp;<\/p>\n<p>&nbsp;<\/p>\n<p>&nbsp;<\/p>\n<p>&nbsp;<\/p>\n<p><strong>por Gabriela Flores \u2013 jornalista e social m\u00eddia da SEMS Penedo, com edi\u00e7\u00e3o Secom PMP<\/strong><\/p>\n<p>&nbsp;<\/p>\n","protected":false},"excerpt":{"rendered":"<p>A Prefeitura de Penedo, atrav\u00e9s da Secretaria Municipal de Sa\u00fade (SEMS), vai realizar uma grande a\u00e7\u00e3o de vacina\u00e7\u00e3o contra Covid-19 no com\u00e9rcio da cidade no pr\u00f3ximo s\u00e1bado, 23 de dezembro. &nbsp; O Expresso Sa\u00fade estar\u00e1 com seus servi\u00e7os em frente ao Theatro Sete de Setembro, onde a equipe de vacina\u00e7\u00e3o ir\u00e1 atualizar o esquema vacinal &hellip;<\/p>\n","protected":false},"author":2,"featured_media":30197,"comment_status":"open","ping_status":"open","sticky":false,"template":"","format":"standard","meta":{"_jetpack_memberships_contains_paid_content":false,"footnotes":""},"categories":[1,3],"tags":[],"class_list":["post-30196","post","type-post","status-publish","format-standard","has-post-thumbnail","hentry","category-destaque","category-penedo"],"jetpack_featured_media_url":"https:\/\/www.oparanews.com.br\/wp-content\/uploads\/2023\/12\/vacina-contra-covid-penedo.jpeg","jetpack_sharing_enabled":true,"_links":{"self":[{"href":"https:\/\/www.oparanews.com.br\/index.php\/wp-json\/wp\/v2\/posts\/30196","targetHints":{"allow":["GET"]}}],"collection":[{"href":"https:\/\/www.oparanews.com.br\/index.php\/wp-json\/wp\/v2\/posts"}],"about":[{"href":"https:\/\/www.oparanews.com.br\/index.php\/wp-json\/wp\/v2\/types\/post"}],"author":[{"embeddable":true,"href":"https:\/\/www.oparanews.com.br\/index.php\/wp-json\/wp\/v2\/users\/2"}],"replies":[{"embeddable":true,"href":"https:\/\/www.oparanews.com.br\/index.php\/wp-json\/wp\/v2\/comments?post=30196"}],"version-history":[{"count":1,"href":"https:\/\/www.oparanews.com.br\/index.php\/wp-json\/wp\/v2\/posts\/30196\/revisions"}],"predecessor-version":[{"id":30198,"href":"https:\/\/www.oparanews.com.br\/index.php\/wp-json\/wp\/v2\/posts\/30196\/revisions\/30198"}],"wp:featuredmedia":[{"embeddable":true,"href":"https:\/\/www.oparanews.com.br\/index.php\/wp-json\/wp\/v2\/media\/30197"}],"wp:attachment":[{"href":"https:\/\/www.oparanews.com.br\/index.php\/wp-json\/wp\/v2\/media?parent=30196"}],"wp:term":[{"taxonomy":"category","embeddable":true,"href":"https:\/\/www.oparanews.com.br\/index.php\/wp-json\/wp\/v2\/categories?post=30196"},{"taxonomy":"post_tag","embeddable":true,"href":"https:\/\/www.oparanews.com.br\/index.php\/wp-json\/wp\/v2\/tags?post=30196"}],"curies":[{"name":"wp","href":"https:\/\/api.w.org\/{rel}","templated":true}]}}