{"id":3023,"date":"2020-01-15T01:09:50","date_gmt":"2020-01-15T01:09:50","guid":{"rendered":"https:\/\/oparanews.com.br\/?p=3023"},"modified":"2020-01-15T01:09:50","modified_gmt":"2020-01-15T01:09:50","slug":"governo-garante-infraestrutura-viaria-para-instalacao-de-polo-industrial","status":"publish","type":"post","link":"https:\/\/www.oparanews.com.br\/index.php\/2020\/01\/15\/governo-garante-infraestrutura-viaria-para-instalacao-de-polo-industrial\/","title":{"rendered":"Governo garante infraestrutura vi\u00e1ria para instala\u00e7\u00e3o de Polo Industrial"},"content":{"rendered":"<p>Mais obras do Programa Pr\u00f3-Estrada foram inauguradas, na manh\u00e3 desta ter\u00e7a-feira (14), em Alagoas. Desta vez, o governador Renan Filho e o secret\u00e1rio de Transporte e Desenvolvimento Urbano, Mosart Amaral, entregaram 11 quil\u00f4metros de vias urbanas pavimentadas na cidade de S\u00e3o Miguel dos Campos. As melhorias vi\u00e1rias s\u00e3o fundamentais para a implanta\u00e7\u00e3o de um polo industrial no munic\u00edpio.<\/p>\n<p>&#8220;Estou muito feliz em voltar a S\u00e3o Miguel e ver a cidade com a autoestima elevada, mais bonita e com o com\u00e9rcio aquecido. Colaborar com a administra\u00e7\u00e3o municipal, fazendo investimentos, \u00e9 auxiliar o munic\u00edpio a estar, cada vez mais, \u00e0 altura da expectativa do cidad\u00e3o&#8221;, disse Renan Filho.<\/p>\n<p>A solenidade de inaugura\u00e7\u00e3o foi realizada na Pra\u00e7a da Matriz, no Centro, e contou com a presen\u00e7a do prefeito Pedro Ricardo Alves Jatob\u00e1, o &#8220;Pedoca\u201d Jatob\u00e1. Ele ressaltou que os investimentos feitos pelo Governo do Estado v\u00e3o garantir a infraestrutura necess\u00e1ria para a instala\u00e7\u00e3o do Polo Industrial de S\u00e3o Miguel dos Campos.<\/p>\n<p>&#8220;Fico muito feliz em saber que toda a infraestrutura est\u00e1 sendo feita para que isso (Polo Industrial) se consolide. O projeto para desapropria\u00e7\u00e3o da \u00e1rea j\u00e1 est\u00e1 no setor jur\u00eddico. Vamos fazer um polo industrial modulado, com toda a responsabilidade, oferecendo aquilo que o munic\u00edpio pode: doa\u00e7\u00e3o de um terreno e os incentivos fiscais&#8221;, revelou o prefeito.<\/p>\n<p>Renan Filho reafirmou o compromisso de seguir com os investimentos, sobretudo em infraestrutura vi\u00e1ria, a exemplo da duplica\u00e7\u00e3o da AL-220, entre Macei\u00f3 e Arapiraca, e que beneficia diretamente S\u00e3o Miguel dos Campos.<\/p>\n<p>&#8220;Com esse conjunto de rodovias, vamos caminhar para um trabalho muito importante para a cidade, que \u00e9 fortalecer a gera\u00e7\u00e3o de emprego e renda. Vou me juntar ao prefeito para que a gente consolide o Polo Industrial, porque acredito que essa cidade tem toda a voca\u00e7\u00e3o para ser um polo de desenvolvimento de Alagoas. Tem g\u00e1s natural, boas estradas, gente que quer trabalhar e est\u00e1 localizada numa parte central do estado&#8221;, avaliou Renan Filho.<\/p>\n<p>Os servi\u00e7os executados pelo Pr\u00f3-Estrada em S\u00e3o Miguel empregaram 45 pessoas. Foram investidos R$ 3,6 milh\u00f5es nas obras. O programa j\u00e1 beneficiou 90 dos 102 munic\u00edpios alagoanos com recupera\u00e7\u00e3o de estradas, implanta\u00e7\u00e3o de acessos, novas rodovias e\/ou pavimenta\u00e7\u00e3o de vias nos centros urbanos.<\/p>\n<p>Dos 1.800 quil\u00f4metros da malha vi\u00e1ria estadual, mais de 1.200 j\u00e1 receberam melhorias do programa. &#8220;O Pr\u00f3-Estrada \u00e9 isso: al\u00e9m de fazer as vias dentro das cidades, atua nas rodovias estaduais&#8221;, ressaltou Mosart Amaral.<\/p>\n<p><strong>Duplica\u00e7\u00e3o<\/strong><\/p>\n<p>Ap\u00f3s a solenidade, Renan Filho vistoriou as obras de duplica\u00e7\u00e3o da AL-220, entre Macei\u00f3 e Arapiraca. O governador visitou o trecho compreendido entre S\u00e3o Miguel dos Campos e Campo Alegre e deste munic\u00edpio a Arapiraca.<\/p>\n<p>&#8220;A duplica\u00e7\u00e3o de S\u00e3o Miguel a Arapiraca est\u00e1 andando a passos largos, obra fundamental para o desenvolvimento da regi\u00e3o e de Alagoas&#8221;, afirmou o governador, lembrando que, em sua gest\u00e3o, a duplica\u00e7\u00e3o da BR-101 tamb\u00e9m avan\u00e7ou.<\/p>\n<p>Ao todo, est\u00e3o sendo duplicados os 81 quil\u00f4metros da AL-220, que ligam as duas principais cidades do estado. O primeiro trecho, j\u00e1 inaugurado, tem 18 quil\u00f4metros e vai da Barra de S\u00e3o Miguel a S\u00e3o Miguel dos Campos. J\u00e1 o terceiro est\u00e1 com obras em andamento e possui 32 quil\u00f4metros de extens\u00e3o, que ligam Campo Alegre a Arapiraca. No total, est\u00e3o sendo investidos R$ 183 milh\u00f5es.<\/p>\n<p>Participaram, ainda, das atividades em S\u00e3o Miguel dos Campos o presidente da Assembleia Legislativa, deputado Marcelo Victor; o diretor-presidente do Departamento de Estradas de Rodagem (DER), H\u00e9lder Gazzaneo; e o diretor de Obras do \u00f3rg\u00e3o, Iran Menezes, dentre outras autoridades.<\/p>\n<p><strong>Fonte: Ag\u00eancia Alagoas<\/strong><\/p>\n<p>&nbsp;<\/p>\n","protected":false},"excerpt":{"rendered":"<p>Mais obras do Programa Pr\u00f3-Estrada foram inauguradas, na manh\u00e3 desta ter\u00e7a-feira (14), em Alagoas. Desta vez, o governador Renan Filho e o secret\u00e1rio de Transporte e Desenvolvimento Urbano, Mosart Amaral, entregaram 11 quil\u00f4metros de vias urbanas pavimentadas na cidade de S\u00e3o Miguel dos Campos. As melhorias vi\u00e1rias s\u00e3o fundamentais para a implanta\u00e7\u00e3o de um polo &hellip;<\/p>\n","protected":false},"author":1,"featured_media":3024,"comment_status":"open","ping_status":"open","sticky":false,"template":"","format":"standard","meta":{"_jetpack_memberships_contains_paid_content":false,"footnotes":""},"categories":[1],"tags":[],"class_list":["post-3023","post","type-post","status-publish","format-standard","has-post-thumbnail","hentry","category-destaque"],"jetpack_featured_media_url":"","jetpack_sharing_enabled":true,"_links":{"self":[{"href":"https:\/\/www.oparanews.com.br\/index.php\/wp-json\/wp\/v2\/posts\/3023","targetHints":{"allow":["GET"]}}],"collection":[{"href":"https:\/\/www.oparanews.com.br\/index.php\/wp-json\/wp\/v2\/posts"}],"about":[{"href":"https:\/\/www.oparanews.com.br\/index.php\/wp-json\/wp\/v2\/types\/post"}],"author":[{"embeddable":true,"href":"https:\/\/www.oparanews.com.br\/index.php\/wp-json\/wp\/v2\/users\/1"}],"replies":[{"embeddable":true,"href":"https:\/\/www.oparanews.com.br\/index.php\/wp-json\/wp\/v2\/comments?post=3023"}],"version-history":[{"count":0,"href":"https:\/\/www.oparanews.com.br\/index.php\/wp-json\/wp\/v2\/posts\/3023\/revisions"}],"wp:featuredmedia":[{"embeddable":true,"href":"https:\/\/www.oparanews.com.br\/index.php\/wp-json\/"}],"wp:attachment":[{"href":"https:\/\/www.oparanews.com.br\/index.php\/wp-json\/wp\/v2\/media?parent=3023"}],"wp:term":[{"taxonomy":"category","embeddable":true,"href":"https:\/\/www.oparanews.com.br\/index.php\/wp-json\/wp\/v2\/categories?post=3023"},{"taxonomy":"post_tag","embeddable":true,"href":"https:\/\/www.oparanews.com.br\/index.php\/wp-json\/wp\/v2\/tags?post=3023"}],"curies":[{"name":"wp","href":"https:\/\/api.w.org\/{rel}","templated":true}]}}