{"id":30315,"date":"2023-12-27T17:02:40","date_gmt":"2023-12-27T20:02:40","guid":{"rendered":"https:\/\/www.oparanews.com.br\/?p=30315"},"modified":"2023-12-27T17:02:40","modified_gmt":"2023-12-27T20:02:40","slug":"bom-jesus-de-penedo-2024-festa-tera-numero-de-arquibancadas-ampliado","status":"publish","type":"post","link":"https:\/\/www.oparanews.com.br\/index.php\/2023\/12\/27\/bom-jesus-de-penedo-2024-festa-tera-numero-de-arquibancadas-ampliado\/","title":{"rendered":"Bom Jesus de Penedo 2024: Festa ter\u00e1 n\u00famero de arquibancadas ampliado"},"content":{"rendered":"<p>A Prefeitura de Penedo est\u00e1 intensificando os preparativos para a maior e melhor festa da regi\u00e3o do Baixo S\u00e3o Francisco. Visando aumentar a capacidade e o conforto do p\u00fablico, foi decidida a amplia\u00e7\u00e3o das arquibancadas \u2018Velho Chico\u2019.<\/p>\n<p>&nbsp;<\/p>\n<p>No ano de 2023, a estrutura montada possu\u00eda 80 metros de extens\u00e3o, acomodando cerca de 3.000 pessoas durante os shows realizados de quinta a s\u00e1bado. Para 2024, a gest\u00e3o Penedo Crescendo com Seu Povo j\u00e1 confirmou a instala\u00e7\u00e3o de duas novas arquibancadas, cada uma com 60 m de largura, totalizando 120 metros, atingindo cerca de 4.200 pessoas da capacidade total.<\/p>\n<p>&nbsp;<\/p>\n<p>As arquibancadas \u2018Velho Chico\u2019 oferecem \u00e1rea de conv\u00edvio mais confort\u00e1vel e ponto privilegiado para que penedenses e turistas desfrutem das apresenta\u00e7\u00f5es no palco.<\/p>\n<p>&nbsp;<\/p>\n<p>Importante ressaltar que a entrada nas arquibancadas seguir\u00e1 regras para assegurar uma melhor organiza\u00e7\u00e3o e seguran\u00e7a. O acesso ser\u00e1 controlado por ordem de chegada, com o n\u00famero de espectadores limitado por projeto aprovado pelo Corpo de Bombeiros Militar.<\/p>\n<p>&nbsp;<\/p>\n<p>Ser\u00e1 permitido levar bebidas, mas a entrada de caixas ou bolsas t\u00e9rmicas \u00e9 proibida para evitar que ocupem espa\u00e7o de outras pessoas. A mesma proibi\u00e7\u00e3o se aplica a objetos volumosos como bancos, mesas e cadeiras. No entanto, \u00e9 permitida a entrada de copos t\u00e9rmicos e sacolas com gelo. Fica estritamente proibido levar qualquer objeto cortante, armas de fogo ou brancas, ou qualquer item que possa causar ferimentos.<\/p>\n<p>&nbsp;<\/p>\n<p>Haver\u00e1 tamb\u00e9m espa\u00e7os reservados para pessoas com defici\u00eancia (PCD), garantindo acessibilidade e inclus\u00e3o. Esses lugares estar\u00e3o localizados na parte frontal das arquibancadas.<\/p>\n<p><a href=\"http:\/\/www.oparanews.com.br\/wp-content\/uploads\/2023\/12\/mapaarquibancada.jpg\"><img loading=\"lazy\" decoding=\"async\" class=\"aligncenter size-full wp-image-30316\" src=\"http:\/\/www.oparanews.com.br\/wp-content\/uploads\/2023\/12\/mapaarquibancada.jpg\" alt=\"\" width=\"1346\" height=\"629\" srcset=\"https:\/\/www.oparanews.com.br\/wp-content\/uploads\/2023\/12\/mapaarquibancada.jpg 1346w, https:\/\/www.oparanews.com.br\/wp-content\/uploads\/2023\/12\/mapaarquibancada-300x140.jpg 300w, https:\/\/www.oparanews.com.br\/wp-content\/uploads\/2023\/12\/mapaarquibancada-1024x479.jpg 1024w, https:\/\/www.oparanews.com.br\/wp-content\/uploads\/2023\/12\/mapaarquibancada-768x359.jpg 768w\" sizes=\"auto, (max-width: 1346px) 100vw, 1346px\" \/><\/a><\/p>\n<p><strong>140 anos de tradi\u00e7\u00e3o<\/strong><\/p>\n<p>&nbsp;<\/p>\n<p>A Festa de Bom Jesus dos Navegantes chegar\u00e1 \u00e0 sua 140\u00aa edi\u00e7\u00e3o em 2024. O evento art\u00edstico come\u00e7a na quinta-feira, 11 de janeiro, e se estende at\u00e9 o domingo, 14, com a tradicional prociss\u00e3o terrestre e fluvial pelo rio S\u00e3o Francisco. A programa\u00e7\u00e3o art\u00edstica e as prociss\u00f5es de domingo ser\u00e3o transmitidas ao vivo pelo canal oficial da Prefeitura de Penedo no YouTube.<\/p>\n<p>&nbsp;<\/p>\n<p>&nbsp;<\/p>\n<p>&nbsp;<\/p>\n<p><strong>Fonte: Secom PMP<\/strong><\/p>\n<p>&nbsp;<\/p>\n","protected":false},"excerpt":{"rendered":"<p>A Prefeitura de Penedo est\u00e1 intensificando os preparativos para a maior e melhor festa da regi\u00e3o do Baixo S\u00e3o Francisco. Visando aumentar a capacidade e o conforto do p\u00fablico, foi decidida a amplia\u00e7\u00e3o das arquibancadas \u2018Velho Chico\u2019. &nbsp; No ano de 2023, a estrutura montada possu\u00eda 80 metros de extens\u00e3o, acomodando cerca de 3.000 pessoas &hellip;<\/p>\n","protected":false},"author":2,"featured_media":30317,"comment_status":"open","ping_status":"open","sticky":false,"template":"","format":"standard","meta":{"_jetpack_memberships_contains_paid_content":false,"footnotes":""},"categories":[1,3],"tags":[],"class_list":["post-30315","post","type-post","status-publish","format-standard","has-post-thumbnail","hentry","category-destaque","category-penedo"],"jetpack_featured_media_url":"https:\/\/www.oparanews.com.br\/wp-content\/uploads\/2023\/12\/bom-jesus-penedo-arquibancada-4.jpeg","jetpack_sharing_enabled":true,"_links":{"self":[{"href":"https:\/\/www.oparanews.com.br\/index.php\/wp-json\/wp\/v2\/posts\/30315","targetHints":{"allow":["GET"]}}],"collection":[{"href":"https:\/\/www.oparanews.com.br\/index.php\/wp-json\/wp\/v2\/posts"}],"about":[{"href":"https:\/\/www.oparanews.com.br\/index.php\/wp-json\/wp\/v2\/types\/post"}],"author":[{"embeddable":true,"href":"https:\/\/www.oparanews.com.br\/index.php\/wp-json\/wp\/v2\/users\/2"}],"replies":[{"embeddable":true,"href":"https:\/\/www.oparanews.com.br\/index.php\/wp-json\/wp\/v2\/comments?post=30315"}],"version-history":[{"count":1,"href":"https:\/\/www.oparanews.com.br\/index.php\/wp-json\/wp\/v2\/posts\/30315\/revisions"}],"predecessor-version":[{"id":30318,"href":"https:\/\/www.oparanews.com.br\/index.php\/wp-json\/wp\/v2\/posts\/30315\/revisions\/30318"}],"wp:featuredmedia":[{"embeddable":true,"href":"https:\/\/www.oparanews.com.br\/index.php\/wp-json\/wp\/v2\/media\/30317"}],"wp:attachment":[{"href":"https:\/\/www.oparanews.com.br\/index.php\/wp-json\/wp\/v2\/media?parent=30315"}],"wp:term":[{"taxonomy":"category","embeddable":true,"href":"https:\/\/www.oparanews.com.br\/index.php\/wp-json\/wp\/v2\/categories?post=30315"},{"taxonomy":"post_tag","embeddable":true,"href":"https:\/\/www.oparanews.com.br\/index.php\/wp-json\/wp\/v2\/tags?post=30315"}],"curies":[{"name":"wp","href":"https:\/\/api.w.org\/{rel}","templated":true}]}}