{"id":30322,"date":"2023-12-28T17:53:27","date_gmt":"2023-12-28T20:53:27","guid":{"rendered":"https:\/\/www.oparanews.com.br\/?p=30322"},"modified":"2023-12-28T17:54:39","modified_gmt":"2023-12-28T20:54:39","slug":"corpo-da-segunda-crianca-que-se-afogou-na-barra-de-santo-antonio-al-e-encontrado-boiando-no-mar","status":"publish","type":"post","link":"https:\/\/www.oparanews.com.br\/index.php\/2023\/12\/28\/corpo-da-segunda-crianca-que-se-afogou-na-barra-de-santo-antonio-al-e-encontrado-boiando-no-mar\/","title":{"rendered":"Corpo da segunda crian\u00e7a que se afogou na Barra de Santo Ant\u00f4nio, AL, \u00e9 encontrado boiando no mar"},"content":{"rendered":"<p>O corpo da segunda v\u00edtima de afogamento na Barra de Santo Ant\u00f4nio, Litoral Norte de Alagoas, foi encontrado no in\u00edcio da tarde desta quinta-feira (28), boiando no mar de Ipioca, em Macei\u00f3. Melinda Pyetra da Concei\u00e7\u00e3o dos Santos tinha 6 anos e desapareceu na quarta (27) quando nadava com mais duas amigas e uma prima, de 13 anos, que tamb\u00e9m morreu afogada.<\/p>\n<p>&nbsp;<\/p>\n<p>Banhistas que estavam em uma lancha particular encontraram o corpo de Melinda na \u00e1gua e o levaram para a praia. Militares do Corpo de Bombeiros e a Pol\u00edcia Militar foram ao local e comunicaram \u00e0 fam\u00edlia da v\u00edtima.<\/p>\n<p>&nbsp;<\/p>\n<p>As outras duas crian\u00e7as que estavam com as primas foram resgatadas com vida. Segundo a Pol\u00edcia Militar, Viviane Cordeiro dos Santos, a primeira v\u00edtima a ter o corpo retirado da \u00e1gua momentos depois do afogamento, saiu de casa escondida, na Ilha da Cr\u00f4a, para ir \u00e0 praia com as amigas.<\/p>\n<p>&nbsp;<\/p>\n<p>Um pescador que estava na regi\u00e3o percebeu que as meninas estavam se afogando e tentou resgat\u00e1-las. Ele conseguiu retirar Viviane do mar, mas ela j\u00e1 estava sem vida.<\/p>\n<p>&nbsp;<\/p>\n<p>O Servi\u00e7o de Atendimento M\u00f3vel de Urg\u00eancia (Samu) chegou a ser acionado e constatou o \u00f3bito. Os socorristas prestaram atendimento \u00e0s outras duas crian\u00e7as socorridas vivas.<\/p>\n<p>&nbsp;<\/p>\n<p>O Corpo de Bombeiros foi acionado e iniciou as buscas por Melinda ainda durante a tarde, com apoio de um helic\u00f3ptero. A procura foi encerrada ao cair da noite e retomada nesta manh\u00e3.<\/p>\n<p>&nbsp;<\/p>\n<p>&nbsp;<\/p>\n<p>&nbsp;<\/p>\n<p><strong>Fonte: G1\/AL<\/strong><\/p>\n<p>&nbsp;<\/p>\n","protected":false},"excerpt":{"rendered":"<p>O corpo da segunda v\u00edtima de afogamento na Barra de Santo Ant\u00f4nio, Litoral Norte de Alagoas, foi encontrado no in\u00edcio da tarde desta quinta-feira (28), boiando no mar de Ipioca, em Macei\u00f3. Melinda Pyetra da Concei\u00e7\u00e3o dos Santos tinha 6 anos e desapareceu na quarta (27) quando nadava com mais duas amigas e uma prima, &hellip;<\/p>\n","protected":false},"author":2,"featured_media":30324,"comment_status":"open","ping_status":"open","sticky":false,"template":"","format":"standard","meta":{"_jetpack_memberships_contains_paid_content":false,"footnotes":""},"categories":[4,1],"tags":[],"class_list":["post-30322","post","type-post","status-publish","format-standard","has-post-thumbnail","hentry","category-alagoas","category-destaque"],"jetpack_featured_media_url":"https:\/\/www.oparanews.com.br\/wp-content\/uploads\/2023\/12\/Sem-titulo-7.png","jetpack_sharing_enabled":true,"_links":{"self":[{"href":"https:\/\/www.oparanews.com.br\/index.php\/wp-json\/wp\/v2\/posts\/30322","targetHints":{"allow":["GET"]}}],"collection":[{"href":"https:\/\/www.oparanews.com.br\/index.php\/wp-json\/wp\/v2\/posts"}],"about":[{"href":"https:\/\/www.oparanews.com.br\/index.php\/wp-json\/wp\/v2\/types\/post"}],"author":[{"embeddable":true,"href":"https:\/\/www.oparanews.com.br\/index.php\/wp-json\/wp\/v2\/users\/2"}],"replies":[{"embeddable":true,"href":"https:\/\/www.oparanews.com.br\/index.php\/wp-json\/wp\/v2\/comments?post=30322"}],"version-history":[{"count":1,"href":"https:\/\/www.oparanews.com.br\/index.php\/wp-json\/wp\/v2\/posts\/30322\/revisions"}],"predecessor-version":[{"id":30325,"href":"https:\/\/www.oparanews.com.br\/index.php\/wp-json\/wp\/v2\/posts\/30322\/revisions\/30325"}],"wp:featuredmedia":[{"embeddable":true,"href":"https:\/\/www.oparanews.com.br\/index.php\/wp-json\/wp\/v2\/media\/30324"}],"wp:attachment":[{"href":"https:\/\/www.oparanews.com.br\/index.php\/wp-json\/wp\/v2\/media?parent=30322"}],"wp:term":[{"taxonomy":"category","embeddable":true,"href":"https:\/\/www.oparanews.com.br\/index.php\/wp-json\/wp\/v2\/categories?post=30322"},{"taxonomy":"post_tag","embeddable":true,"href":"https:\/\/www.oparanews.com.br\/index.php\/wp-json\/wp\/v2\/tags?post=30322"}],"curies":[{"name":"wp","href":"https:\/\/api.w.org\/{rel}","templated":true}]}}