{"id":30328,"date":"2023-12-28T18:03:34","date_gmt":"2023-12-28T21:03:34","guid":{"rendered":"https:\/\/www.oparanews.com.br\/?p=30328"},"modified":"2023-12-28T18:03:34","modified_gmt":"2023-12-28T21:03:34","slug":"prefeitura-de-penedo-divulga-calendario-de-feriados-e-pontos-facultativos-do-ano-2024","status":"publish","type":"post","link":"https:\/\/www.oparanews.com.br\/index.php\/2023\/12\/28\/prefeitura-de-penedo-divulga-calendario-de-feriados-e-pontos-facultativos-do-ano-2024\/","title":{"rendered":"Prefeitura de Penedo divulga calend\u00e1rio de feriados e pontos facultativos do ano 2024"},"content":{"rendered":"<p>A rela\u00e7\u00e3o com todos os feriados federais, estaduais e municipais para o pr\u00f3ximo ano est\u00e3o publicados no Decreto Municipal n\u00ba 907\/2023, documento que tamb\u00e9m informa as datas assinaladas com ponto facultativo nas reparti\u00e7\u00f5es da Prefeitura de Penedo.<\/p>\n<p>&nbsp;<\/p>\n<p>O ato administrativo que visa promover a economicidade de recursos, sem prejudicar a continuidade dos servi\u00e7os essenciais de responsabilidade da Prefeitura de Penedo, tamb\u00e9m serve como refer\u00eancia para entidades representativas do com\u00e9rcio local elaborarem seu calend\u00e1rio anual.<\/p>\n<p>&nbsp;<\/p>\n<p>O Decreto Municipal n\u00ba 907\/2023 que relaciona 23 datas, entre feriados e pontos facultativos, pode ser conferido, na \u00edntegra, clicando no link abaixo.<\/p>\n<p>&nbsp;<\/p>\n<p><a href=\"https:\/\/penedo.al.gov.br\/wp-content\/uploads\/2023\/12\/DECRETO-MUNICIPAL-No-907-2023.pdf\"><strong>DECRETO MUNICIPAL N\u00ba 907-2023<\/strong><\/a><\/p>\n<p>&nbsp;<\/p>\n<p>&nbsp;<\/p>\n<p>&nbsp;<\/p>\n<p><strong>Fonte: Secom PMP<\/strong><\/p>\n<p>&nbsp;<\/p>\n","protected":false},"excerpt":{"rendered":"<p>A rela\u00e7\u00e3o com todos os feriados federais, estaduais e municipais para o pr\u00f3ximo ano est\u00e3o publicados no Decreto Municipal n\u00ba 907\/2023, documento que tamb\u00e9m informa as datas assinaladas com ponto facultativo nas reparti\u00e7\u00f5es da Prefeitura de Penedo. &nbsp; O ato administrativo que visa promover a economicidade de recursos, sem prejudicar a continuidade dos servi\u00e7os essenciais &hellip;<\/p>\n","protected":false},"author":2,"featured_media":30329,"comment_status":"open","ping_status":"open","sticky":false,"template":"","format":"standard","meta":{"_jetpack_memberships_contains_paid_content":false,"footnotes":""},"categories":[1,3],"tags":[],"class_list":["post-30328","post","type-post","status-publish","format-standard","has-post-thumbnail","hentry","category-destaque","category-penedo"],"jetpack_featured_media_url":"https:\/\/www.oparanews.com.br\/wp-content\/uploads\/2023\/12\/prefeitura-de-penedo-e-casa-de-aposentadoria.jpeg","jetpack_sharing_enabled":true,"_links":{"self":[{"href":"https:\/\/www.oparanews.com.br\/index.php\/wp-json\/wp\/v2\/posts\/30328","targetHints":{"allow":["GET"]}}],"collection":[{"href":"https:\/\/www.oparanews.com.br\/index.php\/wp-json\/wp\/v2\/posts"}],"about":[{"href":"https:\/\/www.oparanews.com.br\/index.php\/wp-json\/wp\/v2\/types\/post"}],"author":[{"embeddable":true,"href":"https:\/\/www.oparanews.com.br\/index.php\/wp-json\/wp\/v2\/users\/2"}],"replies":[{"embeddable":true,"href":"https:\/\/www.oparanews.com.br\/index.php\/wp-json\/wp\/v2\/comments?post=30328"}],"version-history":[{"count":1,"href":"https:\/\/www.oparanews.com.br\/index.php\/wp-json\/wp\/v2\/posts\/30328\/revisions"}],"predecessor-version":[{"id":30330,"href":"https:\/\/www.oparanews.com.br\/index.php\/wp-json\/wp\/v2\/posts\/30328\/revisions\/30330"}],"wp:featuredmedia":[{"embeddable":true,"href":"https:\/\/www.oparanews.com.br\/index.php\/wp-json\/wp\/v2\/media\/30329"}],"wp:attachment":[{"href":"https:\/\/www.oparanews.com.br\/index.php\/wp-json\/wp\/v2\/media?parent=30328"}],"wp:term":[{"taxonomy":"category","embeddable":true,"href":"https:\/\/www.oparanews.com.br\/index.php\/wp-json\/wp\/v2\/categories?post=30328"},{"taxonomy":"post_tag","embeddable":true,"href":"https:\/\/www.oparanews.com.br\/index.php\/wp-json\/wp\/v2\/tags?post=30328"}],"curies":[{"name":"wp","href":"https:\/\/api.w.org\/{rel}","templated":true}]}}