{"id":3035,"date":"2020-01-16T00:54:02","date_gmt":"2020-01-16T00:54:02","guid":{"rendered":"https:\/\/oparanews.com.br\/?p=3035"},"modified":"2020-01-16T00:54:02","modified_gmt":"2020-01-16T00:54:02","slug":"secretario-de-saude-de-penedo-apresenta-plano-de-trabalho-para-2020","status":"publish","type":"post","link":"https:\/\/www.oparanews.com.br\/index.php\/2020\/01\/16\/secretario-de-saude-de-penedo-apresenta-plano-de-trabalho-para-2020\/","title":{"rendered":"Secret\u00e1rio de Sa\u00fade de Penedo apresenta plano de trabalho para 2020"},"content":{"rendered":"<p>O governo federal alterou pontos de avalia\u00e7\u00e3o de indicadores da sa\u00fade em todo Brasil. Como o governo Marcius Beltr\u00e3o\/Ronaldo Lopes investe fortemente na melhoria da rede p\u00fablica municipal, o munic\u00edpio de Penedo est\u00e1 preparado para atender as exig\u00eancias do Minist\u00e9rio da Sa\u00fade.<\/p>\n<p>O primeiro aspecto que coloca a Prefeitura de Penedo e a Secretaria Municipal de Sa\u00fade na condi\u00e7\u00e3o de um dos melhores dos 102 munic\u00edpios de Alagoas \u00e9 a informatiza\u00e7\u00e3o da rede. O trabalho iniciado em 2016 \u00e9 pr\u00e9-requisito indispens\u00e1vel para atender as mudan\u00e7as porque o acompanhamento do governo federal ser\u00e1 individualizado.<\/p>\n<p>\u201cHoje, o Minist\u00e9rio da Sa\u00fade j\u00e1 pode identificar, por exemplo, a quantidade de crian\u00e7as vacinadas em Penedo pelo nome do paciente, dos pais da crian\u00e7a, endere\u00e7o onde reside a fam\u00edlia reside e o local onde foi atendido. Isso tamb\u00e9m vale para todas as pessoas cadastradas em nosso banco de dados, por meio do cart\u00e3o SUS, o que n\u00e3o seria poss\u00edvel se a gente n\u00e3o tivesse promovido a informatiza\u00e7\u00e3o da rede\u201d, ressalta o Secret\u00e1rio Pedro Madeiro sobre uma das a\u00e7\u00f5es pioneiras da gest\u00e3o Terra do Desenvolvimento e da Cultura.<\/p>\n<p>O gestor da pasta destaca tamb\u00e9m os investimentos feitos para melhorar a realiza\u00e7\u00e3o de diagn\u00f3sticos, especialmente por meio de equipamentos de ponta dispon\u00edveis no Centro de Diagn\u00f3stico Almir Nogueira Lopes e no Laborat\u00f3rio Dirson Albuquerque de Souza, ambos da rede municipal de sa\u00fade penedense e refer\u00eancias para a regi\u00e3o.<\/p>\n<p>Junto com o trabalho de todo o pessoal da Secretaria Municipal de Sa\u00fade e o apoio do governo Marcius Beltr\u00e3o\/Ronaldo Lopes, Penedo est\u00e1 pronto para manter e promover a melhor assist\u00eancia \u00e0 popula\u00e7\u00e3o, atendendo ainda as mudan\u00e7as que foram apresentadas \u00e0s equipes de trabalho no audit\u00f3rio da Casa de Aposentadoria nessa ter\u00e7a-feira, 14.<\/p>\n<p>\u201cEu fico muito feliz em saber que os investimentos realizados por n\u00f3s colocam Penedo na condi\u00e7\u00e3o de estar entre os melhores munic\u00edpios de Alagoas, fazendo sa\u00fade com qualidade e sendo refer\u00eancia para o Estado\u201d, afirma Pedro Madeiro.<\/p>\n<p><strong>por Fernando Vin\u00edcius \u2013 Decom PMP<\/strong><\/p>\n<p>&nbsp;<\/p>\n","protected":false},"excerpt":{"rendered":"<p>O governo federal alterou pontos de avalia\u00e7\u00e3o de indicadores da sa\u00fade em todo Brasil. Como o governo Marcius Beltr\u00e3o\/Ronaldo Lopes investe fortemente na melhoria da rede p\u00fablica municipal, o munic\u00edpio de Penedo est\u00e1 preparado para atender as exig\u00eancias do Minist\u00e9rio da Sa\u00fade. O primeiro aspecto que coloca a Prefeitura de Penedo e a Secretaria Municipal &hellip;<\/p>\n","protected":false},"author":1,"featured_media":3036,"comment_status":"open","ping_status":"open","sticky":false,"template":"","format":"standard","meta":{"_jetpack_memberships_contains_paid_content":false,"footnotes":""},"categories":[1],"tags":[],"class_list":["post-3035","post","type-post","status-publish","format-standard","has-post-thumbnail","hentry","category-destaque"],"jetpack_featured_media_url":"","jetpack_sharing_enabled":true,"_links":{"self":[{"href":"https:\/\/www.oparanews.com.br\/index.php\/wp-json\/wp\/v2\/posts\/3035","targetHints":{"allow":["GET"]}}],"collection":[{"href":"https:\/\/www.oparanews.com.br\/index.php\/wp-json\/wp\/v2\/posts"}],"about":[{"href":"https:\/\/www.oparanews.com.br\/index.php\/wp-json\/wp\/v2\/types\/post"}],"author":[{"embeddable":true,"href":"https:\/\/www.oparanews.com.br\/index.php\/wp-json\/wp\/v2\/users\/1"}],"replies":[{"embeddable":true,"href":"https:\/\/www.oparanews.com.br\/index.php\/wp-json\/wp\/v2\/comments?post=3035"}],"version-history":[{"count":0,"href":"https:\/\/www.oparanews.com.br\/index.php\/wp-json\/wp\/v2\/posts\/3035\/revisions"}],"wp:featuredmedia":[{"embeddable":true,"href":"https:\/\/www.oparanews.com.br\/index.php\/wp-json\/"}],"wp:attachment":[{"href":"https:\/\/www.oparanews.com.br\/index.php\/wp-json\/wp\/v2\/media?parent=3035"}],"wp:term":[{"taxonomy":"category","embeddable":true,"href":"https:\/\/www.oparanews.com.br\/index.php\/wp-json\/wp\/v2\/categories?post=3035"},{"taxonomy":"post_tag","embeddable":true,"href":"https:\/\/www.oparanews.com.br\/index.php\/wp-json\/wp\/v2\/tags?post=3035"}],"curies":[{"name":"wp","href":"https:\/\/api.w.org\/{rel}","templated":true}]}}