{"id":30372,"date":"2024-01-03T16:21:38","date_gmt":"2024-01-03T19:21:38","guid":{"rendered":"https:\/\/www.oparanews.com.br\/?p=30372"},"modified":"2024-01-03T16:22:57","modified_gmt":"2024-01-03T19:22:57","slug":"prefeitura-de-penedo-decreta-luto-oficial-pelo-falecimento-de-lucinda-peixoto","status":"publish","type":"post","link":"https:\/\/www.oparanews.com.br\/index.php\/2024\/01\/03\/prefeitura-de-penedo-decreta-luto-oficial-pelo-falecimento-de-lucinda-peixoto\/","title":{"rendered":"Prefeitura de Penedo decreta luto oficial pelo falecimento de Lucinda Peixoto"},"content":{"rendered":"<p>Em respeito ao luto da fam\u00edlia respons\u00e1vel por diversos investimentos que desenvolveram Penedo e a regi\u00e3o do Baixo S\u00e3o Francisco e em reconhecimento aos relevantes servi\u00e7os prestados por Maria Lucinda de Almeida Peixoto, falecida nesta quarta-feira, 03 de janeiro, o Prefeito Ronaldo Lopes decreta luto oficial por tr\u00eas dias.<\/p>\n<p>&nbsp;<\/p>\n<p>O Decreto Municipal n\u00ba 910\/2024 destaca a dedica\u00e7\u00e3o da empres\u00e1ria que tamb\u00e9m \u00e9 uma das fundadoras da Casa da Amizade das Esposas dos Rotarianos de Penedo e da Associa\u00e7\u00e3o das Bordadeiras de Penedo (Pontos e Contos), marcas do legado sobre a import\u00e2ncia no trabalho comunit\u00e1rio.<\/p>\n<p>&nbsp;<\/p>\n<p>O ato administrativo considera ainda \u201co consternamento geral da comunidade penedense e o sentimento de solidariedade, dor e saudade\u201d decorrente da perda da \u201cilustre cidad\u00e3 exemplar, de conduta \u00edntegra e de ilibado esp\u00edrito p\u00fablico\u201d.<\/p>\n<p>&nbsp;<\/p>\n<p>O decreto tamb\u00e9m \u00e9 fundamentado no dever do poder p\u00fablico de render justas homenagens \u00e0queles que contribu\u00edram para o bem-estar da coletividade com o seu trabalho, exemplo e dedica\u00e7\u00e3o.<\/p>\n<p>&nbsp;<\/p>\n<p>A fam\u00edlia Peixoto informa que o vel\u00f3rio ser\u00e1 realizado na Osaf, a partir das 17 horas.<\/p>\n<p>&nbsp;<\/p>\n<p>&nbsp;<\/p>\n<p>&nbsp;<\/p>\n<p><strong>Fonte: Secom PMP<\/strong><\/p>\n","protected":false},"excerpt":{"rendered":"<p>Em respeito ao luto da fam\u00edlia respons\u00e1vel por diversos investimentos que desenvolveram Penedo e a regi\u00e3o do Baixo S\u00e3o Francisco e em reconhecimento aos relevantes servi\u00e7os prestados por Maria Lucinda de Almeida Peixoto, falecida nesta quarta-feira, 03 de janeiro, o Prefeito Ronaldo Lopes decreta luto oficial por tr\u00eas dias. &nbsp; O Decreto Municipal n\u00ba 910\/2024 &hellip;<\/p>\n","protected":false},"author":2,"featured_media":30375,"comment_status":"open","ping_status":"open","sticky":false,"template":"","format":"standard","meta":{"_jetpack_memberships_contains_paid_content":false,"footnotes":""},"categories":[1,3],"tags":[],"class_list":["post-30372","post","type-post","status-publish","format-standard","has-post-thumbnail","hentry","category-destaque","category-penedo"],"jetpack_featured_media_url":"https:\/\/www.oparanews.com.br\/wp-content\/uploads\/2024\/01\/lucinda-peixoto-1.jpg","jetpack_sharing_enabled":true,"_links":{"self":[{"href":"https:\/\/www.oparanews.com.br\/index.php\/wp-json\/wp\/v2\/posts\/30372","targetHints":{"allow":["GET"]}}],"collection":[{"href":"https:\/\/www.oparanews.com.br\/index.php\/wp-json\/wp\/v2\/posts"}],"about":[{"href":"https:\/\/www.oparanews.com.br\/index.php\/wp-json\/wp\/v2\/types\/post"}],"author":[{"embeddable":true,"href":"https:\/\/www.oparanews.com.br\/index.php\/wp-json\/wp\/v2\/users\/2"}],"replies":[{"embeddable":true,"href":"https:\/\/www.oparanews.com.br\/index.php\/wp-json\/wp\/v2\/comments?post=30372"}],"version-history":[{"count":1,"href":"https:\/\/www.oparanews.com.br\/index.php\/wp-json\/wp\/v2\/posts\/30372\/revisions"}],"predecessor-version":[{"id":30374,"href":"https:\/\/www.oparanews.com.br\/index.php\/wp-json\/wp\/v2\/posts\/30372\/revisions\/30374"}],"wp:featuredmedia":[{"embeddable":true,"href":"https:\/\/www.oparanews.com.br\/index.php\/wp-json\/wp\/v2\/media\/30375"}],"wp:attachment":[{"href":"https:\/\/www.oparanews.com.br\/index.php\/wp-json\/wp\/v2\/media?parent=30372"}],"wp:term":[{"taxonomy":"category","embeddable":true,"href":"https:\/\/www.oparanews.com.br\/index.php\/wp-json\/wp\/v2\/categories?post=30372"},{"taxonomy":"post_tag","embeddable":true,"href":"https:\/\/www.oparanews.com.br\/index.php\/wp-json\/wp\/v2\/tags?post=30372"}],"curies":[{"name":"wp","href":"https:\/\/api.w.org\/{rel}","templated":true}]}}