{"id":30412,"date":"2024-01-08T19:40:36","date_gmt":"2024-01-08T22:40:36","guid":{"rendered":"https:\/\/www.oparanews.com.br\/?p=30412"},"modified":"2024-01-08T19:40:36","modified_gmt":"2024-01-08T22:40:36","slug":"luciano-lucena-divulga-avancos-na-secretaria-de-educacao-da-prefeitura-de-penedo-e-as-metas-para-2024","status":"publish","type":"post","link":"https:\/\/www.oparanews.com.br\/index.php\/2024\/01\/08\/luciano-lucena-divulga-avancos-na-secretaria-de-educacao-da-prefeitura-de-penedo-e-as-metas-para-2024\/","title":{"rendered":"Luciano Lucena divulga avan\u00e7os na Secretaria de Educa\u00e7\u00e3o da Prefeitura de Penedo e as metas para 2024"},"content":{"rendered":"<p>Os investimentos que asseguram ao povo de Penedo educa\u00e7\u00e3o p\u00fablica de excelente qualidade foram destaque na R\u00e1dio Penedo FM nesta segunda-feira, 08 de janeiro, durante entrevista do Secret\u00e1rio Municipal de Educa\u00e7\u00e3o, Luciano Lucena, ao programa Lance Livre.<\/p>\n<p>&nbsp;<\/p>\n<p>Durante cerca de uma hora, o gestor da SEMED Penedo conversou com a radialista Martha Martyres. Confira abaixo os principais pontos da entrevista.<\/p>\n<p>&nbsp;<\/p>\n<p><strong>MATR\u00cdCULAS<\/strong><\/p>\n<p>&nbsp;<\/p>\n<p>Quem quiser colocar seu filho em escola da Prefeitura de Penedo j\u00e1 pode levar a documenta\u00e7\u00e3o da crian\u00e7a\/adolescente e dos respons\u00e1veis pelo estudante at\u00e9 a unidade de ensino mais pr\u00f3xima de sua casa.O prazo para a inclus\u00e3o de novatos nas unidades da SEMED termina no pr\u00f3ximo dia 19, inclusive para mais quatro escolas que ir\u00e3o ofertar ensino em tempo integral, sistema j\u00e1 implantado na Escola Rotary e na Escola Douglas Apratto Ten\u00f3rio. A previs\u00e3o \u00e9 iniciar as aulas em fevereiro, no dia 15.<\/p>\n<p>&nbsp;<\/p>\n<p><strong>PROGRAMA ESCOLA EM TEMPO INTEGRAL<\/strong><\/p>\n<p>&nbsp;<\/p>\n<p>Em 2024, a inova\u00e7\u00e3o criada por Ronaldo Lopes ser\u00e1 estendida para as escolas Professor Arlindo Ferreira de Moraes (Campo Redondo), Isabel Cristina Alves Toledo (Itaporanga), Professora Helena de Oliveira Carvalho (Cohab) e Professora Maria da Gl\u00f3ria Tavares (Matadouro).<\/p>\n<p>&nbsp;<\/p>\n<p>O sistema de tempo integral utilizado a estrutura do Complexo Esportivo e Educacional da SEMED para as atividades di\u00e1rias, fora da escola de origem, com oferta de refor\u00e7o escolar, esportes, artes, recrea\u00e7\u00e3o e cinco refei\u00e7\u00f5es.<\/p>\n<p>&nbsp;<\/p>\n<p>De acordo com Luciano Lucena, a meta \u00e9 pelo menos dobrar o n\u00famero de estudantes atendidos com ensino em tempo integral que atendeu 502 estudantes em 2023.<\/p>\n<p>&nbsp;<\/p>\n<p>\u201cOs espa\u00e7os j\u00e1 est\u00e3o prontos e os profissionais est\u00e3o aguardando. Aqueles profissionais que davam aulas para os 502 alunos ser\u00e3o os mesmos que conseguir\u00e3o dar as aulas para 1.200, meta que pretendemos atingir\u201d, informou Luciano Lucena.<\/p>\n<p>&nbsp;<\/p>\n<p><strong>PROGRAMA PENEDO INCLUSIVA\/EDUCA\u00c7\u00c3O ESPECIAL<\/strong><\/p>\n<p>&nbsp;<\/p>\n<p>A inclus\u00e3o de crian\u00e7as e adolescentes neurodivergentes nas escolas da Semed \u00e9 exemplar, como nunca se fez antes na Prefeitura de Penedo. Em 2022, eram cerca de 220, 230 alunos matriculados na chamada Educa\u00e7\u00e3o Especial, modalidade que atendeu 369 fam\u00edlias no ano passado.<\/p>\n<p>&nbsp;<\/p>\n<p>A amplia\u00e7\u00e3o gerada por meio do Programa Penedo Inclusiva \u2013 mais uma inova\u00e7\u00e3o do Prefeito Ronaldo Lopes \u2013 \u00e9 t\u00e3o significativa que h\u00e1 estudantes com cuidador exclusivo durante todo o hor\u00e1rio de aula, assist\u00eancia determinada pelo CID, c\u00f3digo sobre a classifica\u00e7\u00e3o da doen\u00e7a ou problema relacionado com a sa\u00fade.<\/p>\n<p>&nbsp;<\/p>\n<p>E para atender esse p\u00fablico da Educa\u00e7\u00e3o Especial, foi preciso contratar 120 profissionais a mais do que em 2022. Al\u00e9m disso, o Programa Penedo Inclusive melhorou o aproveitamento potencial de cada aluno neurodivergente, iniciativa feita em parceria com a Cognvox.<\/p>\n<p>&nbsp;<\/p>\n<p><strong>PSS 2024<\/strong><\/p>\n<p>&nbsp;<\/p>\n<p>A SEMED Penedo realizar\u00e1 Processo Seletivo Simplificado para contrata\u00e7\u00e3o de pessoal em 2024 para atender a evolu\u00e7\u00e3o das matr\u00edculas na rede p\u00fablica municipal, apesar da convoca\u00e7\u00e3o de aprovados no concurso.<\/p>\n<p>&nbsp;<\/p>\n<p>\u201cN\u00f3s convocamos os \u00faltimos aprovados no concurso, eles j\u00e1 est\u00e3o se apresentando. Agora iremos fazer a lota\u00e7\u00e3o de cada servidor e a vac\u00e2ncia ser\u00e1 preenchida por meio de contrato tempor\u00e1rio, atrav\u00e9s de processo seletivo.\u201d, informou Luciano Lucena.<\/p>\n<p>&nbsp;<\/p>\n<p><strong>SAL\u00c1RIOS E PCC DOS SERVIDORES<\/strong><\/p>\n<p>&nbsp;<\/p>\n<p>O governo Ronaldo Lopes est\u00e1 preocupado com todos os profissionais da Educa\u00e7\u00e3o e tem dados provas incontest\u00e1veis, a exemplo dos maiores reajustes feitos na hist\u00f3ria da SEMED, relembrou Luciano Lucena.<\/p>\n<p>&nbsp;<\/p>\n<p>Em 2021, o aumento foi de 20% e em 2023 mais 12% de reajuste. \u201cTamb\u00e9m reajustamos o valor do contrato tempor\u00e1rio, que era de R$ 1.400,00 para R$ 1.752,00 para 20 horas. E n\u00f3s temos a previs\u00e3o de um acr\u00e9scimo de 21 milh\u00f5es de reais na receita da Educa\u00e7\u00e3o para 2024, o que tamb\u00e9m viabilizar\u00e1 mais investimentos em obras, al\u00e9m dos sal\u00e1rios.<\/p>\n<p>&nbsp;<\/p>\n<p>A meta \u00e9 melhorar o Plano de Cargos e Carreira, em di\u00e1logo com os servidores, uma marca do governo que mant\u00e9m canal de negocia\u00e7\u00e3o permanente com o Sindspem, diferente do passado recente na administra\u00e7\u00e3o da Prefeitura de Penedo.<\/p>\n<p>&nbsp;<\/p>\n<p><strong>RATEIO<\/strong><\/p>\n<p>&nbsp;<\/p>\n<p>A eventual sobra de recursos do Fundo de Educa\u00e7\u00e3o B\u00e1sica para trabalhadores da SEMED tamb\u00e9m foi abordada durante a entrevista. O recurso federal \u00e9 repassado para estados e munic\u00edpios de acordo com a quantidade de alunos matriculados do ano anterior.<\/p>\n<p>&nbsp;<\/p>\n<p>Ou seja, a verba repassada para 2024 ser\u00e1 proporcional \u00e0s matr\u00edculas de 2023, sendo que 70% \u00e9 destinado a pagamento de pessoal e os demais 30% com investimentos e manuten\u00e7\u00e3o, conforme determina a Constitui\u00e7\u00e3o Federal.<\/p>\n<p>&nbsp;<\/p>\n<p>\u201cEm 2023, n\u00f3s recebemos R$ 63.237.000,00, praticamente o mesmo valor de 2022, mas n\u00f3s tivemos um crescimento da rede municipal acima at\u00e9 do que esper\u00e1vamos. N\u00f3s sa\u00edmos de 8 mil e poucos alunos para quase 10 mil. Hoje a rede municipal tem praticamente 9.456 alunos no sistema regular e mais 502 integral e a despesa mais que dobra\u201d, explica Luciano Lucena.<\/p>\n<p>&nbsp;<\/p>\n<p>Ele ressaltou que o munic\u00edpio viabilizou educa\u00e7\u00e3o para quase 10 mil alunos em 2023, com recursos equivalentes \u00e0s matr\u00edculas de 2022. \u201cFoi necess\u00e1rio a contrata\u00e7\u00e3o de uma quantidade maior para que a gente pudesse dar conta, digamos assim\u201d, esclarecendo a contrata\u00e7\u00e3o de quase 600 profissionais a mais do que em 2022.<\/p>\n<p>&nbsp;<\/p>\n<p>\u201cCom esse crescimento da rede municipal, o que aconteceu? N\u00e3o houve sobra. O que seria rateio? \u00c9 a sobra dos 70%. Ent\u00e3o, agora em 2023 n\u00e3o houve sobra. \u00c9 por isso que n\u00f3s n\u00e3o teremos rateio por esse motivo. Porque n\u00f3s tivemos um crescimento dentro da nossa rede municipal\u201d.<\/p>\n<p>&nbsp;<\/p>\n<p>&nbsp;<\/p>\n<p>&nbsp;<\/p>\n<p><strong>Fonte: Secom PMP<\/strong><\/p>\n<p>&nbsp;<\/p>\n","protected":false},"excerpt":{"rendered":"<p>Os investimentos que asseguram ao povo de Penedo educa\u00e7\u00e3o p\u00fablica de excelente qualidade foram destaque na R\u00e1dio Penedo FM nesta segunda-feira, 08 de janeiro, durante entrevista do Secret\u00e1rio Municipal de Educa\u00e7\u00e3o, Luciano Lucena, ao programa Lance Livre. &nbsp; Durante cerca de uma hora, o gestor da SEMED Penedo conversou com a radialista Martha Martyres. Confira &hellip;<\/p>\n","protected":false},"author":2,"featured_media":30413,"comment_status":"open","ping_status":"open","sticky":false,"template":"","format":"standard","meta":{"_jetpack_memberships_contains_paid_content":false,"footnotes":""},"categories":[1,3],"tags":[],"class_list":["post-30412","post","type-post","status-publish","format-standard","has-post-thumbnail","hentry","category-destaque","category-penedo"],"jetpack_featured_media_url":"https:\/\/www.oparanews.com.br\/wp-content\/uploads\/2024\/01\/WhatsApp-Image-2024-01-08-at-10.58.56.jpeg","jetpack_sharing_enabled":true,"_links":{"self":[{"href":"https:\/\/www.oparanews.com.br\/index.php\/wp-json\/wp\/v2\/posts\/30412","targetHints":{"allow":["GET"]}}],"collection":[{"href":"https:\/\/www.oparanews.com.br\/index.php\/wp-json\/wp\/v2\/posts"}],"about":[{"href":"https:\/\/www.oparanews.com.br\/index.php\/wp-json\/wp\/v2\/types\/post"}],"author":[{"embeddable":true,"href":"https:\/\/www.oparanews.com.br\/index.php\/wp-json\/wp\/v2\/users\/2"}],"replies":[{"embeddable":true,"href":"https:\/\/www.oparanews.com.br\/index.php\/wp-json\/wp\/v2\/comments?post=30412"}],"version-history":[{"count":1,"href":"https:\/\/www.oparanews.com.br\/index.php\/wp-json\/wp\/v2\/posts\/30412\/revisions"}],"predecessor-version":[{"id":30414,"href":"https:\/\/www.oparanews.com.br\/index.php\/wp-json\/wp\/v2\/posts\/30412\/revisions\/30414"}],"wp:featuredmedia":[{"embeddable":true,"href":"https:\/\/www.oparanews.com.br\/index.php\/wp-json\/wp\/v2\/media\/30413"}],"wp:attachment":[{"href":"https:\/\/www.oparanews.com.br\/index.php\/wp-json\/wp\/v2\/media?parent=30412"}],"wp:term":[{"taxonomy":"category","embeddable":true,"href":"https:\/\/www.oparanews.com.br\/index.php\/wp-json\/wp\/v2\/categories?post=30412"},{"taxonomy":"post_tag","embeddable":true,"href":"https:\/\/www.oparanews.com.br\/index.php\/wp-json\/wp\/v2\/tags?post=30412"}],"curies":[{"name":"wp","href":"https:\/\/api.w.org\/{rel}","templated":true}]}}