{"id":30418,"date":"2024-01-08T23:58:17","date_gmt":"2024-01-09T02:58:17","guid":{"rendered":"https:\/\/www.oparanews.com.br\/?p=30418"},"modified":"2024-01-08T23:59:57","modified_gmt":"2024-01-09T02:59:57","slug":"semed-penedo-lanca-pss-para-formar-cadastro-de-reserva-para-vagas-do-ano-letivo-2024","status":"publish","type":"post","link":"https:\/\/www.oparanews.com.br\/index.php\/2024\/01\/08\/semed-penedo-lanca-pss-para-formar-cadastro-de-reserva-para-vagas-do-ano-letivo-2024\/","title":{"rendered":"Semed Penedo lan\u00e7a PSS para formar cadastro de reserva para vagas do ano letivo 2024"},"content":{"rendered":"<p>A Secretaria Municipal de Educa\u00e7\u00e3o (Semed) lan\u00e7ou nesta segunda-feira, 08, o Processo Seletivo Simplificado (PSS) 01\/2024.<\/p>\n<p>&nbsp;<\/p>\n<p><a href=\"https:\/\/sai.io.org.br\/Handler.ashx?f=diario&amp;query=3397&amp;c=11064&amp;m=0\"><strong>O edital publicado no Di\u00e1rio Oficial do Munic\u00edpio<\/strong><\/a>\u00a0visa a forma\u00e7\u00e3o de cadastro de reserva de profissionais, com eventual contrata\u00e7\u00e3o tempor\u00e1ria.<\/p>\n<p>&nbsp;<\/p>\n<p>O PSS 2024 tem vagas para Educa\u00e7\u00e3o Especial, Professor de Educa\u00e7\u00e3o B\u00e1sica, Auxiliar de Sala, Motorista do Transporte Escolar, Monitor do Transporte Escolar e Monitor Cultural.<\/p>\n<p>&nbsp;<\/p>\n<p>A inscri\u00e7\u00e3o estar\u00e1 dispon\u00edvel apenas de forma presencial, na Escola Municipal Santa Luzia (a antiga Unidade SESI\/SENAI) no per\u00edodo de 15 a 17 de janeiro, no hor\u00e1rio das 8h \u00e0s 13 horas.<\/p>\n<p>&nbsp;<\/p>\n<p>Al\u00e9m dos documentos pessoais e da comprova\u00e7\u00e3o de forma\u00e7\u00e3o para o cargo almejado, os interessados devem levar dois quilos de alimentos n\u00e3o-perec\u00edveis, exceto sal, doa\u00e7\u00e3o que ser\u00e1 repassada para comunidades carentes de Penedo.<\/p>\n<p>&nbsp;<\/p>\n<p>Confira abaixo o edital do PSS 01\/2024 da Semed Penedo<\/p>\n<p>&nbsp;<\/p>\n<p><a href=\"https:\/\/penedo.al.gov.br\/wp-content\/uploads\/2024\/01\/PSS-SEMED-2024.pdf\"><strong>PSS SEMED 2024<\/strong><\/a><\/p>\n<p>&nbsp;<\/p>\n<p>&nbsp;<\/p>\n<p>&nbsp;<\/p>\n<p><strong>Fonte: Secom PMP<\/strong><\/p>\n<p>&nbsp;<\/p>\n","protected":false},"excerpt":{"rendered":"<p>A Secretaria Municipal de Educa\u00e7\u00e3o (Semed) lan\u00e7ou nesta segunda-feira, 08, o Processo Seletivo Simplificado (PSS) 01\/2024. &nbsp; O edital publicado no Di\u00e1rio Oficial do Munic\u00edpio\u00a0visa a forma\u00e7\u00e3o de cadastro de reserva de profissionais, com eventual contrata\u00e7\u00e3o tempor\u00e1ria. &nbsp; O PSS 2024 tem vagas para Educa\u00e7\u00e3o Especial, Professor de Educa\u00e7\u00e3o B\u00e1sica, Auxiliar de Sala, Motorista do &hellip;<\/p>\n","protected":false},"author":2,"featured_media":30419,"comment_status":"open","ping_status":"open","sticky":false,"template":"","format":"standard","meta":{"_jetpack_memberships_contains_paid_content":false,"footnotes":""},"categories":[1,3],"tags":[],"class_list":["post-30418","post","type-post","status-publish","format-standard","has-post-thumbnail","hentry","category-destaque","category-penedo"],"jetpack_featured_media_url":"https:\/\/www.oparanews.com.br\/wp-content\/uploads\/2024\/01\/sede-semed-penedo-1.jpeg","jetpack_sharing_enabled":true,"_links":{"self":[{"href":"https:\/\/www.oparanews.com.br\/index.php\/wp-json\/wp\/v2\/posts\/30418","targetHints":{"allow":["GET"]}}],"collection":[{"href":"https:\/\/www.oparanews.com.br\/index.php\/wp-json\/wp\/v2\/posts"}],"about":[{"href":"https:\/\/www.oparanews.com.br\/index.php\/wp-json\/wp\/v2\/types\/post"}],"author":[{"embeddable":true,"href":"https:\/\/www.oparanews.com.br\/index.php\/wp-json\/wp\/v2\/users\/2"}],"replies":[{"embeddable":true,"href":"https:\/\/www.oparanews.com.br\/index.php\/wp-json\/wp\/v2\/comments?post=30418"}],"version-history":[{"count":2,"href":"https:\/\/www.oparanews.com.br\/index.php\/wp-json\/wp\/v2\/posts\/30418\/revisions"}],"predecessor-version":[{"id":30421,"href":"https:\/\/www.oparanews.com.br\/index.php\/wp-json\/wp\/v2\/posts\/30418\/revisions\/30421"}],"wp:featuredmedia":[{"embeddable":true,"href":"https:\/\/www.oparanews.com.br\/index.php\/wp-json\/wp\/v2\/media\/30419"}],"wp:attachment":[{"href":"https:\/\/www.oparanews.com.br\/index.php\/wp-json\/wp\/v2\/media?parent=30418"}],"wp:term":[{"taxonomy":"category","embeddable":true,"href":"https:\/\/www.oparanews.com.br\/index.php\/wp-json\/wp\/v2\/categories?post=30418"},{"taxonomy":"post_tag","embeddable":true,"href":"https:\/\/www.oparanews.com.br\/index.php\/wp-json\/wp\/v2\/tags?post=30418"}],"curies":[{"name":"wp","href":"https:\/\/api.w.org\/{rel}","templated":true}]}}