{"id":30479,"date":"2024-01-14T22:56:17","date_gmt":"2024-01-15T01:56:17","guid":{"rendered":"https:\/\/www.oparanews.com.br\/?p=30479"},"modified":"2024-01-14T22:56:17","modified_gmt":"2024-01-15T01:56:17","slug":"bom-jesus-dos-navegantes-em-penedo-140-anos-de-fe-louvor-e-tradicao","status":"publish","type":"post","link":"https:\/\/www.oparanews.com.br\/index.php\/2024\/01\/14\/bom-jesus-dos-navegantes-em-penedo-140-anos-de-fe-louvor-e-tradicao\/","title":{"rendered":"Bom Jesus dos Navegantes em Penedo: 140 anos de f\u00e9, louvor e tradi\u00e7\u00e3o"},"content":{"rendered":"<p>A \u00faltima missa em celebra\u00e7\u00e3o ao Glorioso Bom Jesus dos Navegantes realizada na Arena da F\u00e9, em Penedo, encerrou agora h\u00e1 pouco os 140 anos de f\u00e9, louvor e tradi\u00e7\u00e3o do maior evento religioso da regi\u00e3o do Baixo S\u00e3o Francisco.<\/p>\n<p>&nbsp;<\/p>\n<p>A cerim\u00f4nia eucar\u00edstica celebrada por Dom Valdemir Ferreira, Bispo Diocesano de Penedo, teve in\u00edcio no final da tarde deste domingo, 14, assim que a imagem do protetor do povo ribeirinho chegou ao palco que acolheu a programa\u00e7\u00e3o da igreja cat\u00f3lica.<\/p>\n<p><a href=\"http:\/\/www.oparanews.com.br\/wp-content\/uploads\/2024\/01\/bom-jesus-penedo-2024-procissao-drone-7.jpeg\"><img loading=\"lazy\" decoding=\"async\" class=\"aligncenter size-full wp-image-30480\" src=\"http:\/\/www.oparanews.com.br\/wp-content\/uploads\/2024\/01\/bom-jesus-penedo-2024-procissao-drone-7.jpeg\" alt=\"\" width=\"1600\" height=\"900\" srcset=\"https:\/\/www.oparanews.com.br\/wp-content\/uploads\/2024\/01\/bom-jesus-penedo-2024-procissao-drone-7.jpeg 1600w, https:\/\/www.oparanews.com.br\/wp-content\/uploads\/2024\/01\/bom-jesus-penedo-2024-procissao-drone-7-300x169.jpeg 300w, https:\/\/www.oparanews.com.br\/wp-content\/uploads\/2024\/01\/bom-jesus-penedo-2024-procissao-drone-7-1024x576.jpeg 1024w, https:\/\/www.oparanews.com.br\/wp-content\/uploads\/2024\/01\/bom-jesus-penedo-2024-procissao-drone-7-768x432.jpeg 768w, https:\/\/www.oparanews.com.br\/wp-content\/uploads\/2024\/01\/bom-jesus-penedo-2024-procissao-drone-7-1536x864.jpeg 1536w, https:\/\/www.oparanews.com.br\/wp-content\/uploads\/2024\/01\/bom-jesus-penedo-2024-procissao-drone-7-390x220.jpeg 390w\" sizes=\"auto, (max-width: 1600px) 100vw, 1600px\" \/><\/a><\/p>\n<p>Dom Valdemir saudou fi\u00e9is e romeiros \u201ccansados da caminhada, mas revigorados na f\u00e9, robustecidos na esperan\u00e7a e com grande prop\u00f3sito: fazermos todos juntos a caridade, revelar o amor de Deus e a nossa vida\u201d, iniciando a liturgia.<\/p>\n<p>&nbsp;<\/p>\n<p>O Bispo Diocesano, padres, di\u00e1conos e demais membros da comunidade cat\u00f3lica mant\u00e9m viva a tradi\u00e7\u00e3o de f\u00e9 e louvor, especialmente em seu ponto alto: a prociss\u00e3o terrestre e fluvial realizada a cada segundo domingo de janeiro, desde 1884.<\/p>\n<p>&nbsp;<\/p>\n<p>No s\u00e1bado, 13, a Arena da F\u00e9 recebeu uma multid\u00e3o para a missa seguida do show de evangeliza\u00e7\u00e3o liderado pela Irm\u00e3 Kelly Patr\u00edcia, religiosa inclu\u00edda pelo Prefeito Ronaldo Lopes na programa\u00e7\u00e3o em atendimento aos pedidos dos cat\u00f3licos penedenses.<\/p>\n<p><a href=\"http:\/\/www.oparanews.com.br\/wp-content\/uploads\/2024\/01\/bom-jesus-penedo-missa-irma-kelly-praca-fe-26.jpeg\"><img loading=\"lazy\" decoding=\"async\" class=\"aligncenter size-full wp-image-30481\" src=\"http:\/\/www.oparanews.com.br\/wp-content\/uploads\/2024\/01\/bom-jesus-penedo-missa-irma-kelly-praca-fe-26.jpeg\" alt=\"\" width=\"1600\" height=\"1066\" srcset=\"https:\/\/www.oparanews.com.br\/wp-content\/uploads\/2024\/01\/bom-jesus-penedo-missa-irma-kelly-praca-fe-26.jpeg 1600w, https:\/\/www.oparanews.com.br\/wp-content\/uploads\/2024\/01\/bom-jesus-penedo-missa-irma-kelly-praca-fe-26-300x200.jpeg 300w, https:\/\/www.oparanews.com.br\/wp-content\/uploads\/2024\/01\/bom-jesus-penedo-missa-irma-kelly-praca-fe-26-1024x682.jpeg 1024w, https:\/\/www.oparanews.com.br\/wp-content\/uploads\/2024\/01\/bom-jesus-penedo-missa-irma-kelly-praca-fe-26-768x512.jpeg 768w, https:\/\/www.oparanews.com.br\/wp-content\/uploads\/2024\/01\/bom-jesus-penedo-missa-irma-kelly-praca-fe-26-1536x1023.jpeg 1536w\" sizes=\"auto, (max-width: 1600px) 100vw, 1600px\" \/><\/a><\/p>\n<p>Ao lado do filho Guilerme Lopes (Secret\u00e1rio Executivo da Sesau Alagoas) e do Vereador Denys Reism outro membro ativo da comunidade cat\u00f3lica penedense, Ronaldo Lopes acompanhou a celebra\u00e7\u00e3o religiosa na noite de s\u00e1bado, prestando sua rever\u00eancia a Bom Jesus dos Navegantes.<\/p>\n<p>&nbsp;<\/p>\n<p>Na tarde de hoje, Ronaldo Lopes recepcionou as autoridades convidadas e do clero no porto das balsas, ponto de partida da mais genu\u00edna manifesta\u00e7\u00e3o de f\u00e9 e louvor ao Bom Jesus, a tradicional prociss\u00e3o fluvial que antecede a \u00faltima missa campal das celebra\u00e7\u00f5es.<\/p>\n<p>&nbsp;<\/p>\n<p>&nbsp;<\/p>\n<p>&nbsp;<\/p>\n<p><strong>Fonte: Secom PMP<\/strong><\/p>\n<p>&nbsp;<\/p>\n","protected":false},"excerpt":{"rendered":"<p>A \u00faltima missa em celebra\u00e7\u00e3o ao Glorioso Bom Jesus dos Navegantes realizada na Arena da F\u00e9, em Penedo, encerrou agora h\u00e1 pouco os 140 anos de f\u00e9, louvor e tradi\u00e7\u00e3o do maior evento religioso da regi\u00e3o do Baixo S\u00e3o Francisco. &nbsp; A cerim\u00f4nia eucar\u00edstica celebrada por Dom Valdemir Ferreira, Bispo Diocesano de Penedo, teve in\u00edcio &hellip;<\/p>\n","protected":false},"author":2,"featured_media":30482,"comment_status":"open","ping_status":"open","sticky":false,"template":"","format":"standard","meta":{"_jetpack_memberships_contains_paid_content":false,"footnotes":""},"categories":[1,3],"tags":[],"class_list":["post-30479","post","type-post","status-publish","format-standard","has-post-thumbnail","hentry","category-destaque","category-penedo"],"jetpack_featured_media_url":"https:\/\/www.oparanews.com.br\/wp-content\/uploads\/2024\/01\/bom-jesus-procissao-penedo-2024-foto-thiago-sampaio.jpeg","jetpack_sharing_enabled":true,"_links":{"self":[{"href":"https:\/\/www.oparanews.com.br\/index.php\/wp-json\/wp\/v2\/posts\/30479","targetHints":{"allow":["GET"]}}],"collection":[{"href":"https:\/\/www.oparanews.com.br\/index.php\/wp-json\/wp\/v2\/posts"}],"about":[{"href":"https:\/\/www.oparanews.com.br\/index.php\/wp-json\/wp\/v2\/types\/post"}],"author":[{"embeddable":true,"href":"https:\/\/www.oparanews.com.br\/index.php\/wp-json\/wp\/v2\/users\/2"}],"replies":[{"embeddable":true,"href":"https:\/\/www.oparanews.com.br\/index.php\/wp-json\/wp\/v2\/comments?post=30479"}],"version-history":[{"count":1,"href":"https:\/\/www.oparanews.com.br\/index.php\/wp-json\/wp\/v2\/posts\/30479\/revisions"}],"predecessor-version":[{"id":30483,"href":"https:\/\/www.oparanews.com.br\/index.php\/wp-json\/wp\/v2\/posts\/30479\/revisions\/30483"}],"wp:featuredmedia":[{"embeddable":true,"href":"https:\/\/www.oparanews.com.br\/index.php\/wp-json\/wp\/v2\/media\/30482"}],"wp:attachment":[{"href":"https:\/\/www.oparanews.com.br\/index.php\/wp-json\/wp\/v2\/media?parent=30479"}],"wp:term":[{"taxonomy":"category","embeddable":true,"href":"https:\/\/www.oparanews.com.br\/index.php\/wp-json\/wp\/v2\/categories?post=30479"},{"taxonomy":"post_tag","embeddable":true,"href":"https:\/\/www.oparanews.com.br\/index.php\/wp-json\/wp\/v2\/tags?post=30479"}],"curies":[{"name":"wp","href":"https:\/\/api.w.org\/{rel}","templated":true}]}}