{"id":30505,"date":"2024-01-16T23:01:47","date_gmt":"2024-01-17T02:01:47","guid":{"rendered":"https:\/\/www.oparanews.com.br\/?p=30505"},"modified":"2024-01-16T23:01:47","modified_gmt":"2024-01-17T02:01:47","slug":"aos-16-anos-ovo-da-madrugada-homenageia-o-comercio-de-penedo","status":"publish","type":"post","link":"https:\/\/www.oparanews.com.br\/index.php\/2024\/01\/16\/aos-16-anos-ovo-da-madrugada-homenageia-o-comercio-de-penedo\/","title":{"rendered":"Aos 16 anos, Ovo da Madrugada homenageia o com\u00e9rcio de Penedo"},"content":{"rendered":"<p>Prestes a completar 16 anos de muita anima\u00e7\u00e3o pelas ladeiras e ruas estreitas da hist\u00f3rica Penedo, a Agremia\u00e7\u00e3o Penedense Carnavalesca Ovo da Madrugada \u00e9 a principal atra\u00e7\u00e3o das pr\u00e9vias do Baixo S\u00e3o Francisco no dia 27 de janeiro. Com concentra\u00e7\u00e3o na Pra\u00e7a J\u00e1come Calheiros a partir das 09h, o grande homenageado deste ano ser\u00e1 o com\u00e9rcio da cidade, escolha feita pelos diretores da Agremia\u00e7\u00e3o.<\/p>\n<p>&nbsp;<\/p>\n<p>O maior bloco do interior do estado e do Baixo S\u00e3o Francisco Alagoano e Sergipano, todos os anos estampa em sua camisa uma homenagem. Desde a sua funda\u00e7\u00e3o foram 15 pontos da cidade, passando pela Pra\u00e7a J\u00e1come Calheiros, seu ninho, at\u00e9 o Mirante da Rocheira com o Velho Chico ao fundo. Prestes a completar 16 anos, os diretores resolveram homenagear o Com\u00e9rcio de Penedo, estampando o hist\u00f3rico pr\u00e9dio do Mercado P\u00fablico, que carrega em sua hist\u00f3ria a assinatura do arquiteto italiano Giovanni Luigi Giuseppe Lucarini.<\/p>\n<p>&nbsp;<\/p>\n<p>&#8220;A arte Naif \u00e9 feita desde a funda\u00e7\u00e3o do bloco por Betinha Galv\u00e3o, diretora cultural desta Agremia\u00e7\u00e3o. A tela retrata, al\u00e9m de um ponto tur\u00edstico da cidade, personagens carnavalescos de Penedo. Ent\u00e3o, neste ano, a arte da camisa mostra o Ovo na frente do Mercado P\u00fablico de Penedo, e pretendemos repetir o sucesso do ano passado com mais de 20 mil pessoas na apoteose da Floriano Peixoto&#8221;, afirmou o diretor J\u00fanior Dantas.<\/p>\n<p>&nbsp;<\/p>\n<p>O bloco todos os anos consegue levar mais de 20 mil pessoas \u00e0s ruas e ladeiras de Penedo. A sa\u00edda \u00e9 sempre uma expectativa para os foli\u00f5es nativos, das cidades e estados vizinhos. O Ovo da Madrugada \u00e9 tamb\u00e9m um grande incentivador do com\u00e9rcio.<\/p>\n<p>&nbsp;<\/p>\n<p>&#8220;Todos os anos \u00e9 uma expectativa grande a data de sa\u00edda do Ovo. Passamos por um momento dif\u00edcil para a economia durante a pandemia. Estamos retornando, o poder de compra do brasileiro est\u00e1 melhorando e a economia reagindo. E o Ovo tamb\u00e9m \u00e9 um grande impulsionador da economia, quando ele aquece o com\u00e9rcio, o com\u00e9rcio de bebidas e comidas durante um final de semana inteiro, lotando a cidade de turistas, os hot\u00e9is tamb\u00e9m ficam cheios. O Ovo al\u00e9m de ser alegria, tamb\u00e9m \u00e9 gera\u00e7\u00e3o de emprego e renda. Sem falar dos ambulantes que tamb\u00e9m s\u00e3o os respons\u00e1veis pelas vendas de comidas e bebidas&#8221;, encerrou Dantas.<\/p>\n<p>&nbsp;<\/p>\n<p>O Ovo da Madrugada \u00e9 a principal atra\u00e7\u00e3o das pr\u00e9vias carnavalescas de Penedo e vai sair no dia 27 de janeiro, com concentra\u00e7\u00e3o em seu ninho que fica na Pra\u00e7a J\u00e1come Calheiros, Centro de Penedo, a partir das 09h. Na concentra\u00e7\u00e3o, orquestras de frevo aquecem os passos dos foli\u00f5es. Sua sa\u00edda \u00e9 prevista \u00e0s 11h, para percorrer as principais ruas do Centro, ao som de v\u00e1rias orquestras de frevo, muita anima\u00e7\u00e3o com dezenas de bonecos gigantes e caminh\u00f5es pipa para ajudar a baixar a temperatura. Al\u00e9m de seguran\u00e7a privada, Pol\u00edcia Militar, Corpo de Bombeiros e o apoio de uma ambul\u00e2ncia durante todo o percurso.<\/p>\n<p>&nbsp;<\/p>\n<p><strong>Vendas das camisas<\/strong><\/p>\n<p>&nbsp;<\/p>\n<p>Em poucos dias estar\u00e3o dispon\u00edveis as camisas do Ovo da Madrugada, em pontos comerciais que ser\u00e3o divulgados brevemente e tamb\u00e9m com os diretores Alcides Regueira, Monique Moreira, J\u00fanior Dantas e Betinha Galv\u00e3o. \u00c9 importante o incentivo do foli\u00e3o adquirindo a camisa do bloco para ajudar nos custos e manter viva a tradicional &#8220;festa do Ovo&#8221;!<\/p>\n<p>&nbsp;<\/p>\n<p><strong>Para mais informa\u00e7\u00f5es:<\/strong><\/p>\n<p>&nbsp;<\/p>\n<p>Alcides Regueira: 82991596491<br \/>\nJ\u00fanior Dantas: 82988971386<br \/>\nBetinha Galv\u00e3o: 82999186391<br \/>\nMonique Moreira: 82999885790<\/p>\n<p>&nbsp;<\/p>\n<p>&nbsp;<\/p>\n<p>&nbsp;<\/p>\n<p><strong>por Roberto Miranda<\/strong><\/p>\n<p>&nbsp;<\/p>\n","protected":false},"excerpt":{"rendered":"<p>Prestes a completar 16 anos de muita anima\u00e7\u00e3o pelas ladeiras e ruas estreitas da hist\u00f3rica Penedo, a Agremia\u00e7\u00e3o Penedense Carnavalesca Ovo da Madrugada \u00e9 a principal atra\u00e7\u00e3o das pr\u00e9vias do Baixo S\u00e3o Francisco no dia 27 de janeiro. Com concentra\u00e7\u00e3o na Pra\u00e7a J\u00e1come Calheiros a partir das 09h, o grande homenageado deste ano ser\u00e1 o &hellip;<\/p>\n","protected":false},"author":2,"featured_media":30506,"comment_status":"open","ping_status":"open","sticky":false,"template":"","format":"standard","meta":{"_jetpack_memberships_contains_paid_content":false,"footnotes":""},"categories":[1,3],"tags":[],"class_list":["post-30505","post","type-post","status-publish","format-standard","has-post-thumbnail","hentry","category-destaque","category-penedo"],"jetpack_featured_media_url":"https:\/\/www.oparanews.com.br\/wp-content\/uploads\/2024\/01\/WhatsApp-Image-2024-01-06-at-07.03.45-1.jpeg","jetpack_sharing_enabled":true,"_links":{"self":[{"href":"https:\/\/www.oparanews.com.br\/index.php\/wp-json\/wp\/v2\/posts\/30505","targetHints":{"allow":["GET"]}}],"collection":[{"href":"https:\/\/www.oparanews.com.br\/index.php\/wp-json\/wp\/v2\/posts"}],"about":[{"href":"https:\/\/www.oparanews.com.br\/index.php\/wp-json\/wp\/v2\/types\/post"}],"author":[{"embeddable":true,"href":"https:\/\/www.oparanews.com.br\/index.php\/wp-json\/wp\/v2\/users\/2"}],"replies":[{"embeddable":true,"href":"https:\/\/www.oparanews.com.br\/index.php\/wp-json\/wp\/v2\/comments?post=30505"}],"version-history":[{"count":1,"href":"https:\/\/www.oparanews.com.br\/index.php\/wp-json\/wp\/v2\/posts\/30505\/revisions"}],"predecessor-version":[{"id":30507,"href":"https:\/\/www.oparanews.com.br\/index.php\/wp-json\/wp\/v2\/posts\/30505\/revisions\/30507"}],"wp:featuredmedia":[{"embeddable":true,"href":"https:\/\/www.oparanews.com.br\/index.php\/wp-json\/wp\/v2\/media\/30506"}],"wp:attachment":[{"href":"https:\/\/www.oparanews.com.br\/index.php\/wp-json\/wp\/v2\/media?parent=30505"}],"wp:term":[{"taxonomy":"category","embeddable":true,"href":"https:\/\/www.oparanews.com.br\/index.php\/wp-json\/wp\/v2\/categories?post=30505"},{"taxonomy":"post_tag","embeddable":true,"href":"https:\/\/www.oparanews.com.br\/index.php\/wp-json\/wp\/v2\/tags?post=30505"}],"curies":[{"name":"wp","href":"https:\/\/api.w.org\/{rel}","templated":true}]}}