{"id":30513,"date":"2024-01-17T17:19:54","date_gmt":"2024-01-17T20:19:54","guid":{"rendered":"https:\/\/www.oparanews.com.br\/?p=30513"},"modified":"2024-01-17T17:19:54","modified_gmt":"2024-01-17T20:19:54","slug":"ministro-renan-filho-recebe-titulo-de-cidadao-honorario-penedense","status":"publish","type":"post","link":"https:\/\/www.oparanews.com.br\/index.php\/2024\/01\/17\/ministro-renan-filho-recebe-titulo-de-cidadao-honorario-penedense\/","title":{"rendered":"Ministro Renan Filho recebe t\u00edtulo de cidad\u00e3o honor\u00e1rio penedense"},"content":{"rendered":"<p>O Ministro dos Transportes Renan Filho recebeu das m\u00e3os do Presidente Messias da Fil\u00f3 (Manoel Messias Lima) e do Vereador Ernande Pinheiro o merecido t\u00edtulo de cidad\u00e3o honor\u00e1rio penedense.<\/p>\n<p>&nbsp;<\/p>\n<p>A honraria foi entregue ao senador alagoano que aceitou o cargo no governo do Presidente Lula durante a solenidade de assinatura da ordem de servi\u00e7o para a constru\u00e7\u00e3o da ponte entre Penedo-AL e Ne\u00f3polis-SE.<\/p>\n<p>&nbsp;<\/p>\n<p>A cerim\u00f4nia realizada no s\u00e1bado, 13, \u00e9 mais uma a\u00e7\u00e3o do pol\u00edtico em favor de Penedo e da regi\u00e3o do Baixo S\u00e3o Francisco.<\/p>\n<p>&nbsp;<\/p>\n<p>Quando esteve \u00e0 frente do Governo de Alagoas, Renan Filho construiu o quartel do 11\u00ba BPM em Penedo, unidade da Pol\u00edcia Militar que tamb\u00e9m atende cidades vizinhas. Foi ainda na sua gest\u00e3o que a Pol\u00edcia Civil e os Bombeiros ganharam sede pr\u00f3pria em Penedo, for\u00e7as de seguran\u00e7a que tamb\u00e9m atuam na regi\u00e3o ribeirinha.<\/p>\n<p>&nbsp;<\/p>\n<p>Al\u00e9m disso, o t\u00edtulo concedido pelo Poder Legislativo Municipal por indica\u00e7\u00e3o do Vereador Ernande Pinheiro \u00e9 fundamento nos investimentos do ent\u00e3o governador em pol\u00edticas p\u00fablicas, como o Programa CRIA, e obras, entre elas pavimenta\u00e7\u00e3o e drenagem de ruas em Penedo, constru\u00e7\u00e3o da rodovia AL 105 (Penedo-Pindorama), apoio para a realiza\u00e7\u00e3o de eventos de grande porte e conclus\u00e3o do Centro de Conven\u00e7\u00f5es e Eventos Comendador Zeca Peixoto.<\/p>\n<p>&nbsp;<\/p>\n<p>&nbsp;<\/p>\n<p>&nbsp;<\/p>\n<p><strong>Fonte: Ascom CMP<\/strong><\/p>\n<p>&nbsp;<\/p>\n","protected":false},"excerpt":{"rendered":"<p>O Ministro dos Transportes Renan Filho recebeu das m\u00e3os do Presidente Messias da Fil\u00f3 (Manoel Messias Lima) e do Vereador Ernande Pinheiro o merecido t\u00edtulo de cidad\u00e3o honor\u00e1rio penedense. &nbsp; A honraria foi entregue ao senador alagoano que aceitou o cargo no governo do Presidente Lula durante a solenidade de assinatura da ordem de servi\u00e7o &hellip;<\/p>\n","protected":false},"author":2,"featured_media":30514,"comment_status":"open","ping_status":"open","sticky":false,"template":"","format":"standard","meta":{"_jetpack_memberships_contains_paid_content":false,"footnotes":""},"categories":[1,3],"tags":[],"class_list":["post-30513","post","type-post","status-publish","format-standard","has-post-thumbnail","hentry","category-destaque","category-penedo"],"jetpack_featured_media_url":"https:\/\/www.oparanews.com.br\/wp-content\/uploads\/2024\/01\/renan-filho-cidadao-penedense-foto-felipe-brasil-agencia-alagoas.jpeg","jetpack_sharing_enabled":true,"_links":{"self":[{"href":"https:\/\/www.oparanews.com.br\/index.php\/wp-json\/wp\/v2\/posts\/30513","targetHints":{"allow":["GET"]}}],"collection":[{"href":"https:\/\/www.oparanews.com.br\/index.php\/wp-json\/wp\/v2\/posts"}],"about":[{"href":"https:\/\/www.oparanews.com.br\/index.php\/wp-json\/wp\/v2\/types\/post"}],"author":[{"embeddable":true,"href":"https:\/\/www.oparanews.com.br\/index.php\/wp-json\/wp\/v2\/users\/2"}],"replies":[{"embeddable":true,"href":"https:\/\/www.oparanews.com.br\/index.php\/wp-json\/wp\/v2\/comments?post=30513"}],"version-history":[{"count":1,"href":"https:\/\/www.oparanews.com.br\/index.php\/wp-json\/wp\/v2\/posts\/30513\/revisions"}],"predecessor-version":[{"id":30515,"href":"https:\/\/www.oparanews.com.br\/index.php\/wp-json\/wp\/v2\/posts\/30513\/revisions\/30515"}],"wp:featuredmedia":[{"embeddable":true,"href":"https:\/\/www.oparanews.com.br\/index.php\/wp-json\/wp\/v2\/media\/30514"}],"wp:attachment":[{"href":"https:\/\/www.oparanews.com.br\/index.php\/wp-json\/wp\/v2\/media?parent=30513"}],"wp:term":[{"taxonomy":"category","embeddable":true,"href":"https:\/\/www.oparanews.com.br\/index.php\/wp-json\/wp\/v2\/categories?post=30513"},{"taxonomy":"post_tag","embeddable":true,"href":"https:\/\/www.oparanews.com.br\/index.php\/wp-json\/wp\/v2\/tags?post=30513"}],"curies":[{"name":"wp","href":"https:\/\/api.w.org\/{rel}","templated":true}]}}