{"id":30527,"date":"2024-01-19T14:32:59","date_gmt":"2024-01-19T17:32:59","guid":{"rendered":"https:\/\/www.oparanews.com.br\/?p=30527"},"modified":"2024-01-19T14:32:59","modified_gmt":"2024-01-19T17:32:59","slug":"cores-de-penedo-imoveis-do-centro-historico-ganham-projeto-de-revitalizacao","status":"publish","type":"post","link":"https:\/\/www.oparanews.com.br\/index.php\/2024\/01\/19\/cores-de-penedo-imoveis-do-centro-historico-ganham-projeto-de-revitalizacao\/","title":{"rendered":"Cores de Penedo: Im\u00f3veis do Centro Hist\u00f3rico ganham projeto de revitaliza\u00e7\u00e3o"},"content":{"rendered":"<p>O casario colonial do Centro Hist\u00f3rico de Penedo vai ficar mais belo e atraente gra\u00e7as a mais recente iniciativa do governo Ronaldo Lopes\/Jo\u00e3o Lucas no patrim\u00f4nio da Cidade dos Sobrados.<\/p>\n<p>&nbsp;<\/p>\n<p>Lan\u00e7ado oficialmente nesta quinta-feira, 18, no audit\u00f3rio da Procuradoria Geral do Munic\u00edpio (PGM), o Projeto Cores de Penedo revitaliza fachadas de im\u00f3veis situados na \u00e1rea de tombamento, trabalho que tem acompanhamento do Iphan Alagoas j\u00e1 iniciado no casar\u00e3o onde funcionou a extinta Companhia Energ\u00e9tica de Alagoas (Ceal).<\/p>\n<p>&nbsp;<\/p>\n<p>O servi\u00e7o no im\u00f3vel vizinho do Museu do Pa\u00e7o Imperial e Memorial Raimundo Marinho foi visitado no final da tarde de ontem pelo Prefeito Ronaldo Lopes, o Secret\u00e1rio Municipal de Turismo e Economia Criativa Jair Galv\u00e3o, o Secret\u00e1rio Municipal de Meio Ambiente e Servi\u00e7os P\u00fablicos Irm\u00e3o Jo\u00e3o (Jo\u00e3o Ferreira da Silva) e o Diretor Operacional da Miracor Tintas, Fabr\u00edcio Oliveira.<\/p>\n<p>&nbsp;<\/p>\n<p>Ronaldo Lopes explica que, a princ\u00edpio, o Projeto Cores de Penedo vai contemplar im\u00f3veis situados em tr\u00eas ruas do Centro Hist\u00f3rico: D\u00e2maso da Monte (Ladeira da Igreja da Corrente), Sete de Setembro e Comendador Peixoto, ao lado da Pra\u00e7a 12 de Abril.<\/p>\n<p><a href=\"http:\/\/www.oparanews.com.br\/wp-content\/uploads\/2024\/01\/WhatsApp-Image-2024-01-19-at-10.25.41.jpeg\"><img loading=\"lazy\" decoding=\"async\" class=\"aligncenter size-full wp-image-30529\" src=\"http:\/\/www.oparanews.com.br\/wp-content\/uploads\/2024\/01\/WhatsApp-Image-2024-01-19-at-10.25.41.jpeg\" alt=\"\" width=\"1086\" height=\"574\" srcset=\"https:\/\/www.oparanews.com.br\/wp-content\/uploads\/2024\/01\/WhatsApp-Image-2024-01-19-at-10.25.41.jpeg 1086w, https:\/\/www.oparanews.com.br\/wp-content\/uploads\/2024\/01\/WhatsApp-Image-2024-01-19-at-10.25.41-300x159.jpeg 300w, https:\/\/www.oparanews.com.br\/wp-content\/uploads\/2024\/01\/WhatsApp-Image-2024-01-19-at-10.25.41-1024x541.jpeg 1024w, https:\/\/www.oparanews.com.br\/wp-content\/uploads\/2024\/01\/WhatsApp-Image-2024-01-19-at-10.25.41-768x406.jpeg 768w\" sizes=\"auto, (max-width: 1086px) 100vw, 1086px\" \/><\/a><\/p>\n<p>O Prefeito de Penedo tamb\u00e9m ressaltou que a sede da administra\u00e7\u00e3o municipal e a Casa de Aposentadoria, ambos situadas em local de grande fluxo de moradores e turistas, a Pra\u00e7a Bar\u00e3o do Penedo, foram revitalizados com recursos do Fundo Municipal de Preserva\u00e7\u00e3o do Patrim\u00f4nio Hist\u00f3rico e Cultural \u2013 Funpatri.<\/p>\n<p>&nbsp;<\/p>\n<p>Empolgado com o trabalho que ainda est\u00e1 em sua primeira fase, Jair Galv\u00e3o destacou a import\u00e2ncia da inciativa que tamb\u00e9m envolve a SEMARH e a SEINFRA.<\/p>\n<p>&nbsp;<\/p>\n<p>\u201c\u00c9 um projeto important\u00edssimo para qualificar essa nossa j\u00f3ia, que \u00e9 o Centro Hist\u00f3rico de Penedo, priorizando inicialmente esse corredor tur\u00edstico, melhorando ainda mais as experi\u00eancias dos turistas que ter\u00e3o esse mosaico de cores de uma cidade bem preservada\u201d, pontuou o gestor da Seturec.<\/p>\n<p><a href=\"http:\/\/www.oparanews.com.br\/wp-content\/uploads\/2024\/01\/penedo-drone-ricardo-alves-4.jpeg\"><img loading=\"lazy\" decoding=\"async\" class=\"aligncenter size-full wp-image-30528\" src=\"http:\/\/www.oparanews.com.br\/wp-content\/uploads\/2024\/01\/penedo-drone-ricardo-alves-4.jpeg\" alt=\"\" width=\"1600\" height=\"900\" srcset=\"https:\/\/www.oparanews.com.br\/wp-content\/uploads\/2024\/01\/penedo-drone-ricardo-alves-4.jpeg 1600w, https:\/\/www.oparanews.com.br\/wp-content\/uploads\/2024\/01\/penedo-drone-ricardo-alves-4-300x169.jpeg 300w, https:\/\/www.oparanews.com.br\/wp-content\/uploads\/2024\/01\/penedo-drone-ricardo-alves-4-1024x576.jpeg 1024w, https:\/\/www.oparanews.com.br\/wp-content\/uploads\/2024\/01\/penedo-drone-ricardo-alves-4-768x432.jpeg 768w, https:\/\/www.oparanews.com.br\/wp-content\/uploads\/2024\/01\/penedo-drone-ricardo-alves-4-1536x864.jpeg 1536w, https:\/\/www.oparanews.com.br\/wp-content\/uploads\/2024\/01\/penedo-drone-ricardo-alves-4-390x220.jpeg 390w\" sizes=\"auto, (max-width: 1600px) 100vw, 1600px\" \/><\/a><\/p>\n<p>O trabalho do governo Ronaldo Lopes\/Jo\u00e3o Lopes tornou Penedo Cidade Criativa da Unesco, na categoria Cinema. Al\u00e9m disso, o munic\u00edpio est\u00e1 a um passo de firmar posi\u00e7\u00e3o como Destino Tur\u00edstico Inteligente no programa que envolve o Banco Interamericano de Desenvolvimento (BID) e o Sebrae nacional.<\/p>\n<p>&nbsp;<\/p>\n<p>Jair Galv\u00e3o destaca os benef\u00edcios para a economia local com o aquecimento do turismo em Penedo, agradecendo a parceria da Casa das Tintas\/Miracor.<\/p>\n<p>&nbsp;<\/p>\n<p>O representante da empresa alagoana parceira do projeto afirmou que o Cores de Penedo \u00e9 um tipo de iniciativa que tem tudo a ver com a Miracor. \u201cConservar, colorir e brilhar ainda mais o patrim\u00f4nio arquitet\u00f4nico e hist\u00f3rico alagoano est\u00e1 no DNA da Miracor e a gente n\u00e3o poderia estar fora de uma iniciativa t\u00e3o bacana da Prefeitura de Penedo com o seu patrim\u00f4nio arquitet\u00f4nico\u201d, ressaltou Fabr\u00edcio Oliveira.<\/p>\n<p>&nbsp;<\/p>\n<p>&nbsp;<\/p>\n<p>&nbsp;<\/p>\n<p>&nbsp;<\/p>\n<p><strong>por Fernando Vin\u00edcius &#8211; Secom PMP<\/strong><\/p>\n<p>&nbsp;<\/p>\n","protected":false},"excerpt":{"rendered":"<p>O casario colonial do Centro Hist\u00f3rico de Penedo vai ficar mais belo e atraente gra\u00e7as a mais recente iniciativa do governo Ronaldo Lopes\/Jo\u00e3o Lucas no patrim\u00f4nio da Cidade dos Sobrados. &nbsp; Lan\u00e7ado oficialmente nesta quinta-feira, 18, no audit\u00f3rio da Procuradoria Geral do Munic\u00edpio (PGM), o Projeto Cores de Penedo revitaliza fachadas de im\u00f3veis situados na &hellip;<\/p>\n","protected":false},"author":2,"featured_media":30530,"comment_status":"open","ping_status":"open","sticky":false,"template":"","format":"standard","meta":{"_jetpack_memberships_contains_paid_content":false,"footnotes":""},"categories":[1,3],"tags":[],"class_list":["post-30527","post","type-post","status-publish","format-standard","has-post-thumbnail","hentry","category-destaque","category-penedo"],"jetpack_featured_media_url":"https:\/\/www.oparanews.com.br\/wp-content\/uploads\/2024\/01\/projeto-cores-de-penedo-foto-deywisson-duarte-13.jpeg","jetpack_sharing_enabled":true,"_links":{"self":[{"href":"https:\/\/www.oparanews.com.br\/index.php\/wp-json\/wp\/v2\/posts\/30527","targetHints":{"allow":["GET"]}}],"collection":[{"href":"https:\/\/www.oparanews.com.br\/index.php\/wp-json\/wp\/v2\/posts"}],"about":[{"href":"https:\/\/www.oparanews.com.br\/index.php\/wp-json\/wp\/v2\/types\/post"}],"author":[{"embeddable":true,"href":"https:\/\/www.oparanews.com.br\/index.php\/wp-json\/wp\/v2\/users\/2"}],"replies":[{"embeddable":true,"href":"https:\/\/www.oparanews.com.br\/index.php\/wp-json\/wp\/v2\/comments?post=30527"}],"version-history":[{"count":1,"href":"https:\/\/www.oparanews.com.br\/index.php\/wp-json\/wp\/v2\/posts\/30527\/revisions"}],"predecessor-version":[{"id":30531,"href":"https:\/\/www.oparanews.com.br\/index.php\/wp-json\/wp\/v2\/posts\/30527\/revisions\/30531"}],"wp:featuredmedia":[{"embeddable":true,"href":"https:\/\/www.oparanews.com.br\/index.php\/wp-json\/wp\/v2\/media\/30530"}],"wp:attachment":[{"href":"https:\/\/www.oparanews.com.br\/index.php\/wp-json\/wp\/v2\/media?parent=30527"}],"wp:term":[{"taxonomy":"category","embeddable":true,"href":"https:\/\/www.oparanews.com.br\/index.php\/wp-json\/wp\/v2\/categories?post=30527"},{"taxonomy":"post_tag","embeddable":true,"href":"https:\/\/www.oparanews.com.br\/index.php\/wp-json\/wp\/v2\/tags?post=30527"}],"curies":[{"name":"wp","href":"https:\/\/api.w.org\/{rel}","templated":true}]}}