{"id":30586,"date":"2024-01-26T17:43:03","date_gmt":"2024-01-26T20:43:03","guid":{"rendered":"https:\/\/www.oparanews.com.br\/?p=30586"},"modified":"2024-01-26T17:43:03","modified_gmt":"2024-01-26T20:43:03","slug":"primeira-edicao-do-assistencia-com-voce-em-2024-atende-familias-da-regiao-do-camartelo","status":"publish","type":"post","link":"https:\/\/www.oparanews.com.br\/index.php\/2024\/01\/26\/primeira-edicao-do-assistencia-com-voce-em-2024-atende-familias-da-regiao-do-camartelo\/","title":{"rendered":"Primeira edi\u00e7\u00e3o do Assist\u00eancia Com Voc\u00ea em 2024 atende fam\u00edlias da regi\u00e3o do Camartelo"},"content":{"rendered":"<p>O programa que leva servi\u00e7os da Prefeitura de Penedo e das empresas concession\u00e1rias de \u00e1gua e energia promove a primeira edi\u00e7\u00e3o de 2024 na Rua da Bananeira, uma das principais do Camartelo, comunidade com maioria de fam\u00edlias em situa\u00e7\u00e3o de vulnerabilidade social.<\/p>\n<p>&nbsp;<\/p>\n<p>Realizado nesta quarta-feira, 24, o Assist\u00eancia Com Voc\u00ea foi criado no governo Ronaldo Lopes\/Jo\u00e3o Lucas para aproximar o poder p\u00fablico de quem mais necessita de a\u00e7\u00f5es que melhoram a qualidade de vida, principalmente da popula\u00e7\u00e3o de baixa renda.<\/p>\n<p>&nbsp;<\/p>\n<p>Atendidas onde moram, as pessoas podem resolver pend\u00eancias com o Bolsa Fam\u00edlia, receber orienta\u00e7\u00e3o do Procon Municipal, retomar o estudo com matr\u00edcula na EJA, receber atendimentos de sa\u00fade ou solicitar tarifa social de \u00e1gua ou luz.<\/p>\n<p>&nbsp;<\/p>\n<p>Ao mesmo tempo, crian\u00e7as brincam, recebem pintura facial e pipoca. Tamb\u00e9m n\u00e3o falta uma aten\u00e7\u00e3o especial para mulheres, cuidados que elevam a autoestima, com destaque para a felicidade da fam\u00edlia de Deise Severo da Silva.<\/p>\n<p>&nbsp;<\/p>\n<p>Ela recebeu do Prefeito Ronaldo Lopes e da Secret\u00e1ria Ana Teresa a carta de concess\u00e3o do BCP Loas, benef\u00edcio permanente agilizado por meio do Programa Viver Melhor, mais uma iniciativa da Secretaria Municipal de Assist\u00eancia Social e Direitos Humanos (SEMASDH).<\/p>\n<p>&nbsp;<\/p>\n<p>Receptiva ao trabalho da gest\u00e3o que cuida do seu povo, a comunidade tamb\u00e9m conversa diretamente com o gestor do munic\u00edpio e representantes das pastas da Prefeitura de Penedo.<\/p>\n<p>&nbsp;<\/p>\n<p>Como de praxe, o Assist\u00eancia Com Voc\u00ea foi encerrado com sorteio de pr\u00eamios, em sua maioria eletrodom\u00e9sticos, brindes entregues com a participa\u00e7\u00e3o do Prefeito Ronaldo Lopes, secret\u00e1rios municipais, vereadores, l\u00edderes comunit\u00e1rios e servidores da Prefeitura de Penedo.<\/p>\n<p>&nbsp;<\/p>\n<p>&nbsp;<\/p>\n<p>&nbsp;<\/p>\n<p><strong>por Fernando Vin\u00edcius &#8211; Secom PMP<\/strong><\/p>\n<p>&nbsp;<\/p>\n","protected":false},"excerpt":{"rendered":"<p>O programa que leva servi\u00e7os da Prefeitura de Penedo e das empresas concession\u00e1rias de \u00e1gua e energia promove a primeira edi\u00e7\u00e3o de 2024 na Rua da Bananeira, uma das principais do Camartelo, comunidade com maioria de fam\u00edlias em situa\u00e7\u00e3o de vulnerabilidade social. &nbsp; Realizado nesta quarta-feira, 24, o Assist\u00eancia Com Voc\u00ea foi criado no governo &hellip;<\/p>\n","protected":false},"author":2,"featured_media":30587,"comment_status":"open","ping_status":"open","sticky":false,"template":"","format":"standard","meta":{"_jetpack_memberships_contains_paid_content":false,"footnotes":""},"categories":[1,3],"tags":[],"class_list":["post-30586","post","type-post","status-publish","format-standard","has-post-thumbnail","hentry","category-destaque","category-penedo"],"jetpack_featured_media_url":"https:\/\/www.oparanews.com.br\/wp-content\/uploads\/2024\/01\/assistencia-com-vc-camartelo-penedo-4.jpeg","jetpack_sharing_enabled":true,"_links":{"self":[{"href":"https:\/\/www.oparanews.com.br\/index.php\/wp-json\/wp\/v2\/posts\/30586","targetHints":{"allow":["GET"]}}],"collection":[{"href":"https:\/\/www.oparanews.com.br\/index.php\/wp-json\/wp\/v2\/posts"}],"about":[{"href":"https:\/\/www.oparanews.com.br\/index.php\/wp-json\/wp\/v2\/types\/post"}],"author":[{"embeddable":true,"href":"https:\/\/www.oparanews.com.br\/index.php\/wp-json\/wp\/v2\/users\/2"}],"replies":[{"embeddable":true,"href":"https:\/\/www.oparanews.com.br\/index.php\/wp-json\/wp\/v2\/comments?post=30586"}],"version-history":[{"count":1,"href":"https:\/\/www.oparanews.com.br\/index.php\/wp-json\/wp\/v2\/posts\/30586\/revisions"}],"predecessor-version":[{"id":30588,"href":"https:\/\/www.oparanews.com.br\/index.php\/wp-json\/wp\/v2\/posts\/30586\/revisions\/30588"}],"wp:featuredmedia":[{"embeddable":true,"href":"https:\/\/www.oparanews.com.br\/index.php\/wp-json\/wp\/v2\/media\/30587"}],"wp:attachment":[{"href":"https:\/\/www.oparanews.com.br\/index.php\/wp-json\/wp\/v2\/media?parent=30586"}],"wp:term":[{"taxonomy":"category","embeddable":true,"href":"https:\/\/www.oparanews.com.br\/index.php\/wp-json\/wp\/v2\/categories?post=30586"},{"taxonomy":"post_tag","embeddable":true,"href":"https:\/\/www.oparanews.com.br\/index.php\/wp-json\/wp\/v2\/tags?post=30586"}],"curies":[{"name":"wp","href":"https:\/\/api.w.org\/{rel}","templated":true}]}}