{"id":30634,"date":"2024-02-01T22:26:14","date_gmt":"2024-02-02T01:26:14","guid":{"rendered":"https:\/\/www.oparanews.com.br\/?p=30634"},"modified":"2024-02-01T22:26:14","modified_gmt":"2024-02-02T01:26:14","slug":"cine-penedo-filme-bizarros-peixes-das-fossas-abissais-sera-exibido-gratuitamente-neste-sabado-03","status":"publish","type":"post","link":"https:\/\/www.oparanews.com.br\/index.php\/2024\/02\/01\/cine-penedo-filme-bizarros-peixes-das-fossas-abissais-sera-exibido-gratuitamente-neste-sabado-03\/","title":{"rendered":"Cine Penedo: Filme Bizarros Peixes das Fossas Abissais ser\u00e1 exibido gratuitamente neste s\u00e1bado (03)"},"content":{"rendered":"<p>Neste s\u00e1bado (03), tem programa\u00e7\u00e3o especial para toda a fam\u00edlia no Cine Penedo: Sess\u00e3o especial de \u2018Bizarros Peixes das Fossas Abissais\u2019, um filme dirigido por Mar\u00e3o, e com vozes originais dos atores Rodrigo Santoro, Natalia Lage e Guilherme Briggs.<\/p>\n<p>&nbsp;<\/p>\n<p>A iniciativa \u00e9 da Prefeitura de Penedo, atrav\u00e9s da Secretaria Municipal de Turismo e Economia Criativa (SETUREC), em parceria com o Laborat\u00f3rio Escola de Arte e Cinema e a Vitrine Filmes.<\/p>\n<p>&nbsp;<\/p>\n<p>Ap\u00f3s o filme que ser\u00e1 exibido \u00e0s 15 horas, com acesso gratuito, o p\u00fablico poder\u00e1 participar da Oficina de Anima\u00e7\u00e3o 2D com Flipbooks, ministrada por Mar\u00e3o.<\/p>\n<p>&nbsp;<\/p>\n<p>\u201cTrazer para os penedenses um filme que est\u00e1 em cartaz pelo Brasil \u00e9 incr\u00edvel e uma grande conquista. A anima\u00e7\u00e3o conta com uma louca aventura de um trio pra l\u00e1 de interessante: uma hero\u00edna e seus superpoderes, uma tartaruga com TOC e uma nuvem com incontin\u00eancia pluviom\u00e9trica\u201d, disse Karlinne Cordeiro, diretora de Economia Criativa da Seturec.<\/p>\n<p>&nbsp;<\/p>\n<p>A entrada \u00e9 limitada e a retirada dos ingressos acontecer\u00e1 30 minutos antes da exibi\u00e7\u00e3o do filme, na bilheteria do Cine Penedo, espa\u00e7o recuperado e reaberto ao p\u00fablico em 2023.<\/p>\n<p>&nbsp;<\/p>\n<p><strong>SINOPSE<\/strong><\/p>\n<p>&nbsp;<\/p>\n<p>Bizarros Peixes das Fossas Abissais \u00e9 um longa metragem brasileiro de anima\u00e7\u00e3o sobre uma hero\u00edna cujo superpoder consiste em metamorfosear seus gl\u00fateos em um feroz e imenso gorila. Contando com a ajuda de uma tartaruga com transtorno obsessivo-compulsivo e uma nuvem com incontin\u00eancia pluviom\u00e9trica, a protagonista deve juntar cacos de um vaso para formar um mapa em uma jornada at\u00e9 as profundezas do oceano.<\/p>\n<p><a href=\"http:\/\/www.oparanews.com.br\/wp-content\/uploads\/2024\/02\/WhatsApp-Image-2024-02-01-at-11.51.34-1.jpeg\"><img loading=\"lazy\" decoding=\"async\" class=\"aligncenter size-full wp-image-30636\" src=\"http:\/\/www.oparanews.com.br\/wp-content\/uploads\/2024\/02\/WhatsApp-Image-2024-02-01-at-11.51.34-1.jpeg\" alt=\"\" width=\"1122\" height=\"1600\" srcset=\"https:\/\/www.oparanews.com.br\/wp-content\/uploads\/2024\/02\/WhatsApp-Image-2024-02-01-at-11.51.34-1.jpeg 1122w, https:\/\/www.oparanews.com.br\/wp-content\/uploads\/2024\/02\/WhatsApp-Image-2024-02-01-at-11.51.34-1-210x300.jpeg 210w, https:\/\/www.oparanews.com.br\/wp-content\/uploads\/2024\/02\/WhatsApp-Image-2024-02-01-at-11.51.34-1-718x1024.jpeg 718w, https:\/\/www.oparanews.com.br\/wp-content\/uploads\/2024\/02\/WhatsApp-Image-2024-02-01-at-11.51.34-1-768x1095.jpeg 768w, https:\/\/www.oparanews.com.br\/wp-content\/uploads\/2024\/02\/WhatsApp-Image-2024-02-01-at-11.51.34-1-1077x1536.jpeg 1077w\" sizes=\"auto, (max-width: 1122px) 100vw, 1122px\" \/><\/a><\/p>\n<p>&nbsp;<\/p>\n<p>&nbsp;<\/p>\n<p><strong>por Thaciana Lima \u2013 jornalista e social media da SETUREC<\/strong><\/p>\n<p>&nbsp;<\/p>\n","protected":false},"excerpt":{"rendered":"<p>Neste s\u00e1bado (03), tem programa\u00e7\u00e3o especial para toda a fam\u00edlia no Cine Penedo: Sess\u00e3o especial de \u2018Bizarros Peixes das Fossas Abissais\u2019, um filme dirigido por Mar\u00e3o, e com vozes originais dos atores Rodrigo Santoro, Natalia Lage e Guilherme Briggs. &nbsp; A iniciativa \u00e9 da Prefeitura de Penedo, atrav\u00e9s da Secretaria Municipal de Turismo e Economia &hellip;<\/p>\n","protected":false},"author":2,"featured_media":30635,"comment_status":"open","ping_status":"open","sticky":false,"template":"","format":"standard","meta":{"_jetpack_memberships_contains_paid_content":false,"footnotes":""},"categories":[1,3],"tags":[],"class_list":["post-30634","post","type-post","status-publish","format-standard","has-post-thumbnail","hentry","category-destaque","category-penedo"],"jetpack_featured_media_url":"https:\/\/www.oparanews.com.br\/wp-content\/uploads\/2024\/02\/circuito-penedo-cinema-2023-foto-adriano-arantos.jpeg","jetpack_sharing_enabled":true,"_links":{"self":[{"href":"https:\/\/www.oparanews.com.br\/index.php\/wp-json\/wp\/v2\/posts\/30634","targetHints":{"allow":["GET"]}}],"collection":[{"href":"https:\/\/www.oparanews.com.br\/index.php\/wp-json\/wp\/v2\/posts"}],"about":[{"href":"https:\/\/www.oparanews.com.br\/index.php\/wp-json\/wp\/v2\/types\/post"}],"author":[{"embeddable":true,"href":"https:\/\/www.oparanews.com.br\/index.php\/wp-json\/wp\/v2\/users\/2"}],"replies":[{"embeddable":true,"href":"https:\/\/www.oparanews.com.br\/index.php\/wp-json\/wp\/v2\/comments?post=30634"}],"version-history":[{"count":1,"href":"https:\/\/www.oparanews.com.br\/index.php\/wp-json\/wp\/v2\/posts\/30634\/revisions"}],"predecessor-version":[{"id":30637,"href":"https:\/\/www.oparanews.com.br\/index.php\/wp-json\/wp\/v2\/posts\/30634\/revisions\/30637"}],"wp:featuredmedia":[{"embeddable":true,"href":"https:\/\/www.oparanews.com.br\/index.php\/wp-json\/wp\/v2\/media\/30635"}],"wp:attachment":[{"href":"https:\/\/www.oparanews.com.br\/index.php\/wp-json\/wp\/v2\/media?parent=30634"}],"wp:term":[{"taxonomy":"category","embeddable":true,"href":"https:\/\/www.oparanews.com.br\/index.php\/wp-json\/wp\/v2\/categories?post=30634"},{"taxonomy":"post_tag","embeddable":true,"href":"https:\/\/www.oparanews.com.br\/index.php\/wp-json\/wp\/v2\/tags?post=30634"}],"curies":[{"name":"wp","href":"https:\/\/api.w.org\/{rel}","templated":true}]}}