{"id":30698,"date":"2024-02-07T21:10:24","date_gmt":"2024-02-08T00:10:24","guid":{"rendered":"https:\/\/www.oparanews.com.br\/?p=30698"},"modified":"2024-02-07T21:10:24","modified_gmt":"2024-02-08T00:10:24","slug":"penedense-ruan-matos-lanca-seu-primeiro-trabalho-profissional-como-cantor","status":"publish","type":"post","link":"https:\/\/www.oparanews.com.br\/index.php\/2024\/02\/07\/penedense-ruan-matos-lanca-seu-primeiro-trabalho-profissional-como-cantor\/","title":{"rendered":"Penedense Ruan Matos lan\u00e7a seu primeiro trabalho profissional como cantor"},"content":{"rendered":"<p>Em meio a uma jornada de realiza\u00e7\u00e3o, o penedense Ruan Pedro Matos vive um momento de concretiza\u00e7\u00e3o ao lan\u00e7ar seu aguardado primeiro trabalho profissional como cantor nesta quarta-feira, 07 de fevereiro.<\/p>\n<p>&nbsp;<\/p>\n<p>Aos 23 anos de idade, Ruan Matos apresenta um repert\u00f3rio envolvente, embalado pelo ritmo cativante do arrocha, por\u00e9m, acrescido de uma abordagem singular que promete embalar os cora\u00e7\u00f5es apaixonados.<\/p>\n<p>&nbsp;<\/p>\n<p>Sob o t\u00edtulo &#8220;Na Pegada do RM&#8221;, o trabalho de Ruan Matos n\u00e3o s\u00f3 honra o nome de sua cidade natal, Penedo, mas tamb\u00e9m sinaliza o in\u00edcio de uma carreira promissora, repleta de \u00eaxitos e conquistas.<\/p>\n<p>&nbsp;<\/p>\n<p>O \u00e1lbum j\u00e1 se encontra dispon\u00edvel em todas as principais plataformas digitais. Para desfrutar da arte e talento desse jovem cantor, basta realizar o download agora mesmo clicando AQUI. N\u00e3o deixe de testemunhar o come\u00e7o brilhante deste novo artista penedense.<\/p>\n<p>&nbsp;<\/p>\n<p>&nbsp;<\/p>\n<p>&nbsp;<\/p>\n<p><strong>Fonte: Aqui Acontece<\/strong><\/p>\n<p>&nbsp;<\/p>\n","protected":false},"excerpt":{"rendered":"<p>Em meio a uma jornada de realiza\u00e7\u00e3o, o penedense Ruan Pedro Matos vive um momento de concretiza\u00e7\u00e3o ao lan\u00e7ar seu aguardado primeiro trabalho profissional como cantor nesta quarta-feira, 07 de fevereiro. &nbsp; Aos 23 anos de idade, Ruan Matos apresenta um repert\u00f3rio envolvente, embalado pelo ritmo cativante do arrocha, por\u00e9m, acrescido de uma abordagem singular &hellip;<\/p>\n","protected":false},"author":2,"featured_media":30699,"comment_status":"open","ping_status":"open","sticky":false,"template":"","format":"standard","meta":{"_jetpack_memberships_contains_paid_content":false,"footnotes":""},"categories":[1,3],"tags":[],"class_list":["post-30698","post","type-post","status-publish","format-standard","has-post-thumbnail","hentry","category-destaque","category-penedo"],"jetpack_featured_media_url":"https:\/\/www.oparanews.com.br\/wp-content\/uploads\/2024\/02\/203418_imagem_chamada.jpg","jetpack_sharing_enabled":true,"_links":{"self":[{"href":"https:\/\/www.oparanews.com.br\/index.php\/wp-json\/wp\/v2\/posts\/30698","targetHints":{"allow":["GET"]}}],"collection":[{"href":"https:\/\/www.oparanews.com.br\/index.php\/wp-json\/wp\/v2\/posts"}],"about":[{"href":"https:\/\/www.oparanews.com.br\/index.php\/wp-json\/wp\/v2\/types\/post"}],"author":[{"embeddable":true,"href":"https:\/\/www.oparanews.com.br\/index.php\/wp-json\/wp\/v2\/users\/2"}],"replies":[{"embeddable":true,"href":"https:\/\/www.oparanews.com.br\/index.php\/wp-json\/wp\/v2\/comments?post=30698"}],"version-history":[{"count":2,"href":"https:\/\/www.oparanews.com.br\/index.php\/wp-json\/wp\/v2\/posts\/30698\/revisions"}],"predecessor-version":[{"id":30701,"href":"https:\/\/www.oparanews.com.br\/index.php\/wp-json\/wp\/v2\/posts\/30698\/revisions\/30701"}],"wp:featuredmedia":[{"embeddable":true,"href":"https:\/\/www.oparanews.com.br\/index.php\/wp-json\/wp\/v2\/media\/30699"}],"wp:attachment":[{"href":"https:\/\/www.oparanews.com.br\/index.php\/wp-json\/wp\/v2\/media?parent=30698"}],"wp:term":[{"taxonomy":"category","embeddable":true,"href":"https:\/\/www.oparanews.com.br\/index.php\/wp-json\/wp\/v2\/categories?post=30698"},{"taxonomy":"post_tag","embeddable":true,"href":"https:\/\/www.oparanews.com.br\/index.php\/wp-json\/wp\/v2\/tags?post=30698"}],"curies":[{"name":"wp","href":"https:\/\/api.w.org\/{rel}","templated":true}]}}