{"id":3074,"date":"2020-01-17T12:04:02","date_gmt":"2020-01-17T12:04:02","guid":{"rendered":"https:\/\/oparanews.com.br\/?p=3074"},"modified":"2020-01-17T12:04:02","modified_gmt":"2020-01-17T12:04:02","slug":"professor-josealdo-tonholo-e-nomeado-reitor-da-ufal","status":"publish","type":"post","link":"https:\/\/www.oparanews.com.br\/index.php\/2020\/01\/17\/professor-josealdo-tonholo-e-nomeado-reitor-da-ufal\/","title":{"rendered":"Professor Josealdo Tonholo \u00e9 nomeado reitor da Ufal"},"content":{"rendered":"<div><span>Professor Josealdo Tonholo foi o mais votado em Consulta para o cargo de reitor da Ufal \u2014 Foto: Divulga\u00e7\u00e3o\/Ufal <\/span><\/div>\n<div><span>Eleito pela comunidade acad\u00eamica com mais de 55% dos votos o professor Josealdo Tonholo foi nomeado para o cargo de reitor da Universidade Federal de Alagoas (Ufal). O decreto com a nomea\u00e7\u00e3o de Tonholo foi publicado no Di\u00e1rio Oficial da Uni\u00e3o (DOU) desta sexta-feira (17). <\/span><\/div>\n<div><\/div>\n<div><span>\u201cFicamos honrados com a nomea\u00e7\u00e3o e vamos trabalhar de modo ininterrupto, junto com todos os estudantes, t\u00e9cnicos e docentes de nossa universidade, para fazer uma Ufal cada vez mais presente e atuante rumo ao desenvolvimento educacional, social, cultural e econ\u00f4mico de Alagoas. A comunidade acad\u00eamica e a sociedade alagoana contar\u00e3o com o trabalho de toda uma equipe devotada \u00e0 causa do avan\u00e7o de nosso estado\u201d exp\u00f4s Josealdo Tonholo. <\/span><\/div>\n<div><\/div>\n<div><span>P\u00f3s-doutor pelo Departamento de Materiais da Universidade de Loughborough, na Inglaterra, e bacharel e licenciado em Qu\u00edmica, o professor Josealdo Tonholo \u00e9 mestre e doutor em F\u00edsico-Qu\u00edmica pelo Instituto de Qu\u00edmica de S\u00e3o Carlos da Universidade de S\u00e3o Paulo (USP). <\/span><\/div>\n<div><\/div>\n<div><span>A chapa encabe\u00e7ada por Josealdo Tonholo e pela professora Eliane Cavalcanti (vice-reitora) recebeu 55,4% dos votos, e foi eleita em 1\u00ba turno. O reitor permanece no cargo por quatro anos. <\/span><\/div>\n<div><\/div>\n<div><\/div>\n<div><span><br \/>\n<strong>Fonte: G1\/AL<\/strong><\/span><\/div>\n<div><\/div>\n","protected":false},"excerpt":{"rendered":"<p>Professor Josealdo Tonholo foi o mais votado em Consulta para o cargo de reitor da Ufal \u2014 Foto: Divulga\u00e7\u00e3o\/Ufal Eleito pela comunidade acad\u00eamica com mais de 55% dos votos o professor Josealdo Tonholo foi nomeado para o cargo de reitor da Universidade Federal de Alagoas (Ufal). O decreto com a nomea\u00e7\u00e3o de Tonholo foi publicado &hellip;<\/p>\n","protected":false},"author":1,"featured_media":3075,"comment_status":"open","ping_status":"open","sticky":false,"template":"","format":"standard","meta":{"_jetpack_memberships_contains_paid_content":false,"footnotes":""},"categories":[1],"tags":[],"class_list":["post-3074","post","type-post","status-publish","format-standard","has-post-thumbnail","hentry","category-destaque"],"jetpack_featured_media_url":"","jetpack_sharing_enabled":true,"_links":{"self":[{"href":"https:\/\/www.oparanews.com.br\/index.php\/wp-json\/wp\/v2\/posts\/3074","targetHints":{"allow":["GET"]}}],"collection":[{"href":"https:\/\/www.oparanews.com.br\/index.php\/wp-json\/wp\/v2\/posts"}],"about":[{"href":"https:\/\/www.oparanews.com.br\/index.php\/wp-json\/wp\/v2\/types\/post"}],"author":[{"embeddable":true,"href":"https:\/\/www.oparanews.com.br\/index.php\/wp-json\/wp\/v2\/users\/1"}],"replies":[{"embeddable":true,"href":"https:\/\/www.oparanews.com.br\/index.php\/wp-json\/wp\/v2\/comments?post=3074"}],"version-history":[{"count":0,"href":"https:\/\/www.oparanews.com.br\/index.php\/wp-json\/wp\/v2\/posts\/3074\/revisions"}],"wp:featuredmedia":[{"embeddable":true,"href":"https:\/\/www.oparanews.com.br\/index.php\/wp-json\/"}],"wp:attachment":[{"href":"https:\/\/www.oparanews.com.br\/index.php\/wp-json\/wp\/v2\/media?parent=3074"}],"wp:term":[{"taxonomy":"category","embeddable":true,"href":"https:\/\/www.oparanews.com.br\/index.php\/wp-json\/wp\/v2\/categories?post=3074"},{"taxonomy":"post_tag","embeddable":true,"href":"https:\/\/www.oparanews.com.br\/index.php\/wp-json\/wp\/v2\/tags?post=3074"}],"curies":[{"name":"wp","href":"https:\/\/api.w.org\/{rel}","templated":true}]}}