{"id":30748,"date":"2024-02-15T16:22:21","date_gmt":"2024-02-15T19:22:21","guid":{"rendered":"https:\/\/www.oparanews.com.br\/?p=30748"},"modified":"2024-02-15T16:22:21","modified_gmt":"2024-02-15T19:22:21","slug":"prefeito-em-exercicio-joao-lucas-mobiliza-guarda-patrimonial-para-coibir-abusos-de-flanelinhas-na-orla-de-penedo","status":"publish","type":"post","link":"https:\/\/www.oparanews.com.br\/index.php\/2024\/02\/15\/prefeito-em-exercicio-joao-lucas-mobiliza-guarda-patrimonial-para-coibir-abusos-de-flanelinhas-na-orla-de-penedo\/","title":{"rendered":"Prefeito em exerc\u00edcio Jo\u00e3o Lucas mobiliza Guarda Patrimonial para coibir abusos de flanelinhas na orla de Penedo"},"content":{"rendered":"<p>Domingo de carnaval. Enquanto muita gente curtia a folia, o Prefeito em exerc\u00edcio Jo\u00e3o Lucas reuniu-se com o Coordenador da Guarda Patrimonial de Penedo, Tenente Oliveira, para efetivar uma medida que visa garantir seguran\u00e7a na orla da cidade.<\/p>\n<p>&nbsp;<\/p>\n<p>Uma estrutura coberta foi instalada no cais, pr\u00f3ximo do porto da balsas e de pontos de alimenta\u00e7\u00e3o e com\u00e9rcio, para abrigar o efetivo da Guarda Patrimonial.<\/p>\n<p>&nbsp;<\/p>\n<p>Desde ent\u00e3o, os flanelinhas que cobram pelo estacionamento de ve\u00edculos n\u00e3o t\u00eam aparecido no local alvo de diversas cr\u00edticas por parte da popula\u00e7\u00e3o e dos empres\u00e1rios.<\/p>\n<p>&nbsp;<\/p>\n<p>Nesta Quarta-feira de Cinzas, Jo\u00e3o Lucas esteve no abrigo da Guarda Patrimonial. \u201cEu vim fazer uma visita a esses her\u00f3is, os nossos guardas municipais, eles que est\u00e3o aqui, ao lado do supermercado Ki-Barato, onde existia um foco de flanelinhas que incomodavam a sociedade, cobrando ped\u00e1gio, cobrando estacionamento, intimidando as pessoas\u201d, comentou o prefeito em exerc\u00edcio sobre a iniciativa.<\/p>\n<p>&nbsp;<\/p>\n<p>\u201cEssa \u00e9 uma medida preventiva para gerar sensa\u00e7\u00e3o de seguran\u00e7a \u00e0 popula\u00e7\u00e3o. N\u00e3o vamos permitir que essas pessoas tirem o sossego e a paz do povo penedense\u201d, acrescentou Jo\u00e3o Lucas.<\/p>\n<p>&nbsp;<\/p>\n<p>Al\u00e9m da medida recente, a Prefeitura de Penedo atua em parceria com setores do governo estadual \u2013 inclusive a Pol\u00edcia Militar \u2013 para encaminhar pessoas em situa\u00e7\u00e3o de rua e com algum tipo de depend\u00eancia qu\u00edmica para a Rede Acolhe ou devolvendo ao n\u00facleo familiar.<\/p>\n<p>&nbsp;<\/p>\n<p>As buscas ativas e os devidos encaminhamentos foram apresentados na C\u00e2mara Municipal de Penedo durante reuni\u00e3o realizada no dia 06 de fevereiro.<\/p>\n<p>&nbsp;<\/p>\n<p>&nbsp;<\/p>\n<p>&nbsp;<\/p>\n<p>&nbsp;<\/p>\n<p><strong>Fonte: Secom PMP<\/strong><\/p>\n<p>&nbsp;<\/p>\n","protected":false},"excerpt":{"rendered":"<p>Domingo de carnaval. Enquanto muita gente curtia a folia, o Prefeito em exerc\u00edcio Jo\u00e3o Lucas reuniu-se com o Coordenador da Guarda Patrimonial de Penedo, Tenente Oliveira, para efetivar uma medida que visa garantir seguran\u00e7a na orla da cidade. &nbsp; Uma estrutura coberta foi instalada no cais, pr\u00f3ximo do porto da balsas e de pontos de &hellip;<\/p>\n","protected":false},"author":2,"featured_media":30749,"comment_status":"open","ping_status":"open","sticky":false,"template":"","format":"standard","meta":{"_jetpack_memberships_contains_paid_content":false,"footnotes":""},"categories":[1,3],"tags":[],"class_list":["post-30748","post","type-post","status-publish","format-standard","has-post-thumbnail","hentry","category-destaque","category-penedo"],"jetpack_featured_media_url":"https:\/\/www.oparanews.com.br\/wp-content\/uploads\/2024\/02\/joao-lucas-guarda-patrimonial-penedo-1.jpeg","jetpack_sharing_enabled":true,"_links":{"self":[{"href":"https:\/\/www.oparanews.com.br\/index.php\/wp-json\/wp\/v2\/posts\/30748","targetHints":{"allow":["GET"]}}],"collection":[{"href":"https:\/\/www.oparanews.com.br\/index.php\/wp-json\/wp\/v2\/posts"}],"about":[{"href":"https:\/\/www.oparanews.com.br\/index.php\/wp-json\/wp\/v2\/types\/post"}],"author":[{"embeddable":true,"href":"https:\/\/www.oparanews.com.br\/index.php\/wp-json\/wp\/v2\/users\/2"}],"replies":[{"embeddable":true,"href":"https:\/\/www.oparanews.com.br\/index.php\/wp-json\/wp\/v2\/comments?post=30748"}],"version-history":[{"count":1,"href":"https:\/\/www.oparanews.com.br\/index.php\/wp-json\/wp\/v2\/posts\/30748\/revisions"}],"predecessor-version":[{"id":30750,"href":"https:\/\/www.oparanews.com.br\/index.php\/wp-json\/wp\/v2\/posts\/30748\/revisions\/30750"}],"wp:featuredmedia":[{"embeddable":true,"href":"https:\/\/www.oparanews.com.br\/index.php\/wp-json\/wp\/v2\/media\/30749"}],"wp:attachment":[{"href":"https:\/\/www.oparanews.com.br\/index.php\/wp-json\/wp\/v2\/media?parent=30748"}],"wp:term":[{"taxonomy":"category","embeddable":true,"href":"https:\/\/www.oparanews.com.br\/index.php\/wp-json\/wp\/v2\/categories?post=30748"},{"taxonomy":"post_tag","embeddable":true,"href":"https:\/\/www.oparanews.com.br\/index.php\/wp-json\/wp\/v2\/tags?post=30748"}],"curies":[{"name":"wp","href":"https:\/\/api.w.org\/{rel}","templated":true}]}}