{"id":30775,"date":"2024-02-17T10:24:40","date_gmt":"2024-02-17T13:24:40","guid":{"rendered":"https:\/\/www.oparanews.com.br\/?p=30775"},"modified":"2024-02-17T10:24:40","modified_gmt":"2024-02-17T13:24:40","slug":"prefeito-em-exercicio-joao-lucas-recebe-representantes-de-associacao-de-moradores-e-de-agricultores","status":"publish","type":"post","link":"https:\/\/www.oparanews.com.br\/index.php\/2024\/02\/17\/prefeito-em-exercicio-joao-lucas-recebe-representantes-de-associacao-de-moradores-e-de-agricultores\/","title":{"rendered":"Prefeito em exerc\u00edcio Jo\u00e3o Lucas recebe representantes de associa\u00e7\u00e3o de moradores e de agricultores"},"content":{"rendered":"<p>O governo Ronaldo Lopes\/Jo\u00e3o Lucas \u00e9 feito com base no di\u00e1logo, seja durante contato direto com o povo de Penedo ou mediado por seus representantes na C\u00e2mara de Vereadores, sindicatos ou associa\u00e7\u00f5es de moradores e de agricultores.<\/p>\n<p>&nbsp;<\/p>\n<p>Nesta quinta-feira, 09, o prefeito em exerc\u00edcio Jo\u00e3o Lucas recebeu representantes de entidades dos bairros e das comunidades rurais para informar sobre projetos estruturantes e ouvir demandas da popula\u00e7\u00e3o.<a href=\"http:\/\/www.oparanews.com.br\/wp-content\/uploads\/2024\/02\/reuniao-joao-lucas-associacao-moradores-16.jpeg\"><img loading=\"lazy\" decoding=\"async\" class=\"aligncenter size-full wp-image-30777\" src=\"http:\/\/www.oparanews.com.br\/wp-content\/uploads\/2024\/02\/reuniao-joao-lucas-associacao-moradores-16.jpeg\" alt=\"\" width=\"1600\" height=\"1066\" srcset=\"https:\/\/www.oparanews.com.br\/wp-content\/uploads\/2024\/02\/reuniao-joao-lucas-associacao-moradores-16.jpeg 1600w, https:\/\/www.oparanews.com.br\/wp-content\/uploads\/2024\/02\/reuniao-joao-lucas-associacao-moradores-16-300x200.jpeg 300w, https:\/\/www.oparanews.com.br\/wp-content\/uploads\/2024\/02\/reuniao-joao-lucas-associacao-moradores-16-1024x682.jpeg 1024w, https:\/\/www.oparanews.com.br\/wp-content\/uploads\/2024\/02\/reuniao-joao-lucas-associacao-moradores-16-768x512.jpeg 768w, https:\/\/www.oparanews.com.br\/wp-content\/uploads\/2024\/02\/reuniao-joao-lucas-associacao-moradores-16-1536x1023.jpeg 1536w\" sizes=\"auto, (max-width: 1600px) 100vw, 1600px\" \/><\/a><\/p>\n<p>O encontro realizado no audit\u00f3rio da Casa de Aposentadoria foi aberto com uma breve explana\u00e7\u00e3o sobre o mutir\u00e3o de limpeza que est\u00e1 sendo feito na \u00e1rea urbana de Penedo.<\/p>\n<p>&nbsp;<\/p>\n<p>Acompanhado pelo Secret\u00e1rio Pedro Felipe Queiroz (SEDECIN) e pelo presidente da Federa\u00e7\u00e3o das Associa\u00e7\u00f5es, Carlos Eduardo Barbosa de Souza, popular Carioca, o prefeito em exerc\u00edcio conversou durante cerca de duas horas com os participantes do encontro.<\/p>\n<p>&nbsp;<\/p>\n<p>Jo\u00e3o Lucas destacou reivindica\u00e7\u00f5es j\u00e1 atendidas por Ronaldo Lopes, os investimentos que est\u00e3o sendo feitos no munic\u00edpio e os que vir\u00e3o com o Programa Acelera Penedo (PAP).<\/p>\n<p>&nbsp;<\/p>\n<p>Sobre as demandas apresentadas, ele exp\u00f4s os motivos de algumas pend\u00eancias, ressaltando a disposi\u00e7\u00e3o da administra\u00e7\u00e3o de atender o que for poss\u00edvel, conforme as possibilidades do governo que trabalha em favor do povo de Penedo.<\/p>\n<p>&nbsp;<\/p>\n<p>&nbsp;<\/p>\n<p>&nbsp;<\/p>\n<p>&nbsp;<\/p>\n<p><strong>Fonte: Secom PMP<\/strong><\/p>\n<p>&nbsp;<\/p>\n","protected":false},"excerpt":{"rendered":"<p>O governo Ronaldo Lopes\/Jo\u00e3o Lucas \u00e9 feito com base no di\u00e1logo, seja durante contato direto com o povo de Penedo ou mediado por seus representantes na C\u00e2mara de Vereadores, sindicatos ou associa\u00e7\u00f5es de moradores e de agricultores. &nbsp; Nesta quinta-feira, 09, o prefeito em exerc\u00edcio Jo\u00e3o Lucas recebeu representantes de entidades dos bairros e das &hellip;<\/p>\n","protected":false},"author":2,"featured_media":30776,"comment_status":"open","ping_status":"open","sticky":false,"template":"","format":"standard","meta":{"_jetpack_memberships_contains_paid_content":false,"footnotes":""},"categories":[1,3],"tags":[],"class_list":["post-30775","post","type-post","status-publish","format-standard","has-post-thumbnail","hentry","category-destaque","category-penedo"],"jetpack_featured_media_url":"https:\/\/www.oparanews.com.br\/wp-content\/uploads\/2024\/02\/reuniao-joao-lucas-associacao-moradores-8.jpeg","jetpack_sharing_enabled":true,"_links":{"self":[{"href":"https:\/\/www.oparanews.com.br\/index.php\/wp-json\/wp\/v2\/posts\/30775","targetHints":{"allow":["GET"]}}],"collection":[{"href":"https:\/\/www.oparanews.com.br\/index.php\/wp-json\/wp\/v2\/posts"}],"about":[{"href":"https:\/\/www.oparanews.com.br\/index.php\/wp-json\/wp\/v2\/types\/post"}],"author":[{"embeddable":true,"href":"https:\/\/www.oparanews.com.br\/index.php\/wp-json\/wp\/v2\/users\/2"}],"replies":[{"embeddable":true,"href":"https:\/\/www.oparanews.com.br\/index.php\/wp-json\/wp\/v2\/comments?post=30775"}],"version-history":[{"count":1,"href":"https:\/\/www.oparanews.com.br\/index.php\/wp-json\/wp\/v2\/posts\/30775\/revisions"}],"predecessor-version":[{"id":30778,"href":"https:\/\/www.oparanews.com.br\/index.php\/wp-json\/wp\/v2\/posts\/30775\/revisions\/30778"}],"wp:featuredmedia":[{"embeddable":true,"href":"https:\/\/www.oparanews.com.br\/index.php\/wp-json\/wp\/v2\/media\/30776"}],"wp:attachment":[{"href":"https:\/\/www.oparanews.com.br\/index.php\/wp-json\/wp\/v2\/media?parent=30775"}],"wp:term":[{"taxonomy":"category","embeddable":true,"href":"https:\/\/www.oparanews.com.br\/index.php\/wp-json\/wp\/v2\/categories?post=30775"},{"taxonomy":"post_tag","embeddable":true,"href":"https:\/\/www.oparanews.com.br\/index.php\/wp-json\/wp\/v2\/tags?post=30775"}],"curies":[{"name":"wp","href":"https:\/\/api.w.org\/{rel}","templated":true}]}}