{"id":30788,"date":"2024-02-18T22:57:53","date_gmt":"2024-02-19T01:57:53","guid":{"rendered":"https:\/\/www.oparanews.com.br\/?p=30788"},"modified":"2024-02-18T22:57:53","modified_gmt":"2024-02-19T01:57:53","slug":"deputados-de-oposicao-pedem-impeachment-de-lula-por-fala-sobre-israel","status":"publish","type":"post","link":"https:\/\/www.oparanews.com.br\/index.php\/2024\/02\/18\/deputados-de-oposicao-pedem-impeachment-de-lula-por-fala-sobre-israel\/","title":{"rendered":"Deputados de oposi\u00e7\u00e3o pedem impeachment de Lula por fala sobre Israel"},"content":{"rendered":"<p>Deputados federais de oposi\u00e7\u00e3o ao governo do presidente Luiz In\u00e1cio Lula da Silva (PT) ir\u00e3o protocolar um pedido de impeachment contra o petista por conta de declara\u00e7\u00f5es recentes onde o chefe do Executivo comparou os ataques de Israel contra civis na Faixa de Gaza ao holocausto, durante a Segunda Guerra Mundial.<\/p>\n<p>&nbsp;<\/p>\n<p>\u201cO que est\u00e1 acontecendo na Faixa de Gaza e com o povo palestino n\u00e3o existe em nenhum outro momento hist\u00f3rico. Ali\u00e1s, existiu: quando o Hitler resolveu matar os judeus\u201d, afirmou o presidente, neste domingo (18\/2).<\/p>\n<p>&nbsp;<\/p>\n<p>Grande parte dos signat\u00e1rios ao pedido de afastamento de Lula s\u00e3o do PL, partido do ex-presidente Jair Bolsonaro. A lista tamb\u00e9m conta com pol\u00edticos do Republicanos, Progressistas e Uni\u00e3o Brasil.<\/p>\n<p>&nbsp;<\/p>\n<p>A ideia para abertura do pedido de impeachment \u00e9 da deputada federal Carla Zambelli (PL-SP). Ela defende que n\u00e3o se pode comparar o que est\u00e1 acontecendo em Gaza com a morte de milh\u00f5es de judeus ao longo da Segunda Guerra Mundial.<\/p>\n<p>&nbsp;<\/p>\n<p>\u201cO povo de Israel precisa ser respeitado e o holocausto n\u00e3o pode ser banalizado desta forma. Lula, tenha respeito pelas mais de 6 milh\u00f5es de pessoas assassinadas\u201d, escreveu a parlamentar na rede social X, antigo Twitter.<\/p>\n<p>&nbsp;<\/p>\n<p>O deputado federal Mario Frias (PL-SP), ex-secret\u00e1rio de Cultura do governo Bolsonaro e signat\u00e1rio do pedido de impeachment, recha\u00e7ou as declara\u00e7\u00f5es do presidente Lula sobre as a\u00e7\u00f5es de Israel contra a Faixa de Gaza.<\/p>\n<p>&nbsp;<\/p>\n<p>\u201cCom a declara\u00e7\u00e3o de hoje, e tantas outras no passado recente, Lula est\u00e1 fechando as portas do Brasil para uma pot\u00eancia militar e tecnol\u00f3gica que poderia beneficiar muito o nosso pa\u00eds atrav\u00e9s de parcerias e interc\u00e2mbios\u201d, afirmou o pol\u00edtico.<\/p>\n<p>&nbsp;<\/p>\n<p><strong>Processo de impeachment<\/strong><\/p>\n<p>&nbsp;<\/p>\n<p>O impeachment \u00e9 um processo conduzido pelo Congresso Nacional em que julga se uma pessoa com cargo p\u00fablico cometeu crime de responsabilidade.<\/p>\n<p>&nbsp;<\/p>\n<p>Para ter andamento no Legislativo, o pedido de afastamento precisa ser aceito pelo presidente da C\u00e2mara dos Deputados, neste caso, Arthur Lira (PP-AL).<\/p>\n<p>&nbsp;<\/p>\n<p>&nbsp;<\/p>\n<p>&nbsp;<\/p>\n<p><strong>Fonte: Metr\u00f3poles<\/strong><\/p>\n<p>&nbsp;<\/p>\n","protected":false},"excerpt":{"rendered":"<p>Deputados federais de oposi\u00e7\u00e3o ao governo do presidente Luiz In\u00e1cio Lula da Silva (PT) ir\u00e3o protocolar um pedido de impeachment contra o petista por conta de declara\u00e7\u00f5es recentes onde o chefe do Executivo comparou os ataques de Israel contra civis na Faixa de Gaza ao holocausto, durante a Segunda Guerra Mundial. &nbsp; \u201cO que est\u00e1 &hellip;<\/p>\n","protected":false},"author":2,"featured_media":30789,"comment_status":"open","ping_status":"open","sticky":false,"template":"","format":"standard","meta":{"_jetpack_memberships_contains_paid_content":false,"footnotes":""},"categories":[5],"tags":[],"class_list":["post-30788","post","type-post","status-publish","format-standard","has-post-thumbnail","hentry","category-brasil-mundo"],"jetpack_featured_media_url":"https:\/\/www.oparanews.com.br\/wp-content\/uploads\/2024\/02\/Assinatura-de-Contratos-de-Concessao-de-Rodovias-do-Parana-com-o-Governad.webp","jetpack_sharing_enabled":true,"_links":{"self":[{"href":"https:\/\/www.oparanews.com.br\/index.php\/wp-json\/wp\/v2\/posts\/30788","targetHints":{"allow":["GET"]}}],"collection":[{"href":"https:\/\/www.oparanews.com.br\/index.php\/wp-json\/wp\/v2\/posts"}],"about":[{"href":"https:\/\/www.oparanews.com.br\/index.php\/wp-json\/wp\/v2\/types\/post"}],"author":[{"embeddable":true,"href":"https:\/\/www.oparanews.com.br\/index.php\/wp-json\/wp\/v2\/users\/2"}],"replies":[{"embeddable":true,"href":"https:\/\/www.oparanews.com.br\/index.php\/wp-json\/wp\/v2\/comments?post=30788"}],"version-history":[{"count":1,"href":"https:\/\/www.oparanews.com.br\/index.php\/wp-json\/wp\/v2\/posts\/30788\/revisions"}],"predecessor-version":[{"id":30790,"href":"https:\/\/www.oparanews.com.br\/index.php\/wp-json\/wp\/v2\/posts\/30788\/revisions\/30790"}],"wp:featuredmedia":[{"embeddable":true,"href":"https:\/\/www.oparanews.com.br\/index.php\/wp-json\/wp\/v2\/media\/30789"}],"wp:attachment":[{"href":"https:\/\/www.oparanews.com.br\/index.php\/wp-json\/wp\/v2\/media?parent=30788"}],"wp:term":[{"taxonomy":"category","embeddable":true,"href":"https:\/\/www.oparanews.com.br\/index.php\/wp-json\/wp\/v2\/categories?post=30788"},{"taxonomy":"post_tag","embeddable":true,"href":"https:\/\/www.oparanews.com.br\/index.php\/wp-json\/wp\/v2\/tags?post=30788"}],"curies":[{"name":"wp","href":"https:\/\/api.w.org\/{rel}","templated":true}]}}