{"id":30795,"date":"2024-02-19T23:16:35","date_gmt":"2024-02-20T02:16:35","guid":{"rendered":"https:\/\/www.oparanews.com.br\/?p=30795"},"modified":"2024-02-19T23:16:35","modified_gmt":"2024-02-20T02:16:35","slug":"trt-inicia-pagamento-de-r-109-milhoes-em-precatorios-do-estado","status":"publish","type":"post","link":"https:\/\/www.oparanews.com.br\/index.php\/2024\/02\/19\/trt-inicia-pagamento-de-r-109-milhoes-em-precatorios-do-estado\/","title":{"rendered":"TRT inicia pagamento de R$ 10,9 milh\u00f5es em precat\u00f3rios do Estado"},"content":{"rendered":"<p>A Justi\u00e7a do Trabalho em Alagoas come\u00e7ou nesta segunda-feira (19) a pagar precat\u00f3rios, que s\u00e3o d\u00edvidas do Estado de Alagoas reconhecidas pela Justi\u00e7a. Ao todo, s\u00e3o R$ 10,9 milh\u00f5es para pagamento de 91 precat\u00f3rios vencidos em 31 de de dezembro de 2023.<\/p>\n<p>&nbsp;<\/p>\n<p>Esses precat\u00f3rios s\u00e3o referentes a a\u00e7\u00f5es trabalhistas propostas contra a administra\u00e7\u00e3o direta. Precat\u00f3rio \u00e9 uma ordem de pagamento; \u00e9 quando a Justi\u00e7a obriga o Munic\u00edpio, o Estado ou a Uni\u00e3o a pagar uma d\u00edvida que tem com uma pessoa f\u00edsica ou jur\u00eddica no fim de uma a\u00e7\u00e3o judicial.<\/p>\n<p>&nbsp;<\/p>\n<p>Os credores que j\u00e1 tenham informado os dados banc\u00e1rios, receber\u00e3o os valores diretamente em suas contas. Os demais dever\u00e3o informar os dados banc\u00e1rios no processo, por meio de seus advogados legalmente constitu\u00eddos.<\/p>\n<p>&nbsp;<\/p>\n<p>Segundo o juiz do Trabalho Nilton Beltr\u00e3o, juiz auxiliar e de Concilia\u00e7\u00e3o de Precat\u00f3rios no TRT-19, nos \u00faltimos quatro anos o Governo do Estado te mantido a regularidade nos repasses para pagamento dos precat\u00f3rios da administra\u00e7\u00e3o direta.<\/p>\n<p>&nbsp;<\/p>\n<p>\u201cH\u00e1 ainda precat\u00f3rios dos \u00f3rg\u00e3os da administra\u00e7\u00e3o indireta, que s\u00e3o as autarquias e funda\u00e7\u00f5es p\u00fablicas, cujos repasses para o Tribunal ainda est\u00e3o sendo efetuados\u201d, afirmou.<\/p>\n<p>&nbsp;<\/p>\n<p>O precat\u00f3rio \u00e9 expedido pelo presidente do Tribunal onde o processo tramitou, ap\u00f3s solicita\u00e7\u00e3o do juiz respons\u00e1vel pela condena\u00e7\u00e3o.<\/p>\n<p>&nbsp;<\/p>\n<p>&nbsp;<\/p>\n<p>&nbsp;<\/p>\n<p>&nbsp;<\/p>\n<p><strong>Fonte: G1\/AL<\/strong><\/p>\n<p>&nbsp;<\/p>\n","protected":false},"excerpt":{"rendered":"<p>A Justi\u00e7a do Trabalho em Alagoas come\u00e7ou nesta segunda-feira (19) a pagar precat\u00f3rios, que s\u00e3o d\u00edvidas do Estado de Alagoas reconhecidas pela Justi\u00e7a. Ao todo, s\u00e3o R$ 10,9 milh\u00f5es para pagamento de 91 precat\u00f3rios vencidos em 31 de de dezembro de 2023. &nbsp; Esses precat\u00f3rios s\u00e3o referentes a a\u00e7\u00f5es trabalhistas propostas contra a administra\u00e7\u00e3o direta. &hellip;<\/p>\n","protected":false},"author":2,"featured_media":30796,"comment_status":"open","ping_status":"open","sticky":false,"template":"","format":"standard","meta":{"_jetpack_memberships_contains_paid_content":false,"footnotes":""},"categories":[4],"tags":[],"class_list":["post-30795","post","type-post","status-publish","format-standard","has-post-thumbnail","hentry","category-alagoas"],"jetpack_featured_media_url":"https:\/\/www.oparanews.com.br\/wp-content\/uploads\/2024\/02\/Sem-titulo-2.png","jetpack_sharing_enabled":true,"_links":{"self":[{"href":"https:\/\/www.oparanews.com.br\/index.php\/wp-json\/wp\/v2\/posts\/30795","targetHints":{"allow":["GET"]}}],"collection":[{"href":"https:\/\/www.oparanews.com.br\/index.php\/wp-json\/wp\/v2\/posts"}],"about":[{"href":"https:\/\/www.oparanews.com.br\/index.php\/wp-json\/wp\/v2\/types\/post"}],"author":[{"embeddable":true,"href":"https:\/\/www.oparanews.com.br\/index.php\/wp-json\/wp\/v2\/users\/2"}],"replies":[{"embeddable":true,"href":"https:\/\/www.oparanews.com.br\/index.php\/wp-json\/wp\/v2\/comments?post=30795"}],"version-history":[{"count":1,"href":"https:\/\/www.oparanews.com.br\/index.php\/wp-json\/wp\/v2\/posts\/30795\/revisions"}],"predecessor-version":[{"id":30797,"href":"https:\/\/www.oparanews.com.br\/index.php\/wp-json\/wp\/v2\/posts\/30795\/revisions\/30797"}],"wp:featuredmedia":[{"embeddable":true,"href":"https:\/\/www.oparanews.com.br\/index.php\/wp-json\/wp\/v2\/media\/30796"}],"wp:attachment":[{"href":"https:\/\/www.oparanews.com.br\/index.php\/wp-json\/wp\/v2\/media?parent=30795"}],"wp:term":[{"taxonomy":"category","embeddable":true,"href":"https:\/\/www.oparanews.com.br\/index.php\/wp-json\/wp\/v2\/categories?post=30795"},{"taxonomy":"post_tag","embeddable":true,"href":"https:\/\/www.oparanews.com.br\/index.php\/wp-json\/wp\/v2\/tags?post=30795"}],"curies":[{"name":"wp","href":"https:\/\/api.w.org\/{rel}","templated":true}]}}