{"id":3083,"date":"2020-01-17T13:36:28","date_gmt":"2020-01-17T13:36:28","guid":{"rendered":"https:\/\/oparanews.com.br\/?p=3083"},"modified":"2020-01-17T13:36:28","modified_gmt":"2020-01-17T13:36:28","slug":"globo-tem-2-possiveis-nomes-para-substituir-huck","status":"publish","type":"post","link":"https:\/\/www.oparanews.com.br\/index.php\/2020\/01\/17\/globo-tem-2-possiveis-nomes-para-substituir-huck\/","title":{"rendered":"Globo tem 2 poss\u00edveis nomes para substituir Huck"},"content":{"rendered":"<p>Ainda \u00e9 cedo, mas, ao que tudo indica, Luciano Huck deixar\u00e1 a programa\u00e7\u00e3o da Globo no fim deste ano ou, no mais tardar, no come\u00e7o de 2021.<\/p>\n<p>A raz\u00e3o todo mundo sabe: dedicar-se \u00e0 pol\u00edtica e ao sonho de ser presidente da Rep\u00fablica.<\/p>\n<p>Diante do buraco que ficar\u00e1 na programa\u00e7\u00e3o dos s\u00e1bados caso sua sa\u00edda se confirme, a alta c\u00fapula global discute discretamente sobre quem seria o substituto. Rodrigo Faro e Tiago Leifert s\u00e3o os mais cotados.<\/p>\n<p>A emissora e Faro negam qualquer tratativa \u2014 e Faro afirma que do domingo, dia em que comanda o Hora do Faro, na Record, n\u00e3o arreda p\u00e9. Se a Globo quiser o apresentador, ter\u00e1 de preparar o cofre: o contrato de Faro com a TV de Edir Macedo vai at\u00e9 2023.<\/p>\n<p>&nbsp;<\/p>\n<p><strong>Fonte: MSN<\/strong><\/p>\n<p>&nbsp;<\/p>\n","protected":false},"excerpt":{"rendered":"<p>Ainda \u00e9 cedo, mas, ao que tudo indica, Luciano Huck deixar\u00e1 a programa\u00e7\u00e3o da Globo no fim deste ano ou, no mais tardar, no come\u00e7o de 2021. A raz\u00e3o todo mundo sabe: dedicar-se \u00e0 pol\u00edtica e ao sonho de ser presidente da Rep\u00fablica. Diante do buraco que ficar\u00e1 na programa\u00e7\u00e3o dos s\u00e1bados caso sua sa\u00edda &hellip;<\/p>\n","protected":false},"author":1,"featured_media":3084,"comment_status":"open","ping_status":"open","sticky":false,"template":"","format":"standard","meta":{"_jetpack_memberships_contains_paid_content":false,"footnotes":""},"categories":[1],"tags":[],"class_list":["post-3083","post","type-post","status-publish","format-standard","has-post-thumbnail","hentry","category-destaque"],"jetpack_featured_media_url":"","jetpack_sharing_enabled":true,"_links":{"self":[{"href":"https:\/\/www.oparanews.com.br\/index.php\/wp-json\/wp\/v2\/posts\/3083","targetHints":{"allow":["GET"]}}],"collection":[{"href":"https:\/\/www.oparanews.com.br\/index.php\/wp-json\/wp\/v2\/posts"}],"about":[{"href":"https:\/\/www.oparanews.com.br\/index.php\/wp-json\/wp\/v2\/types\/post"}],"author":[{"embeddable":true,"href":"https:\/\/www.oparanews.com.br\/index.php\/wp-json\/wp\/v2\/users\/1"}],"replies":[{"embeddable":true,"href":"https:\/\/www.oparanews.com.br\/index.php\/wp-json\/wp\/v2\/comments?post=3083"}],"version-history":[{"count":0,"href":"https:\/\/www.oparanews.com.br\/index.php\/wp-json\/wp\/v2\/posts\/3083\/revisions"}],"wp:featuredmedia":[{"embeddable":true,"href":"https:\/\/www.oparanews.com.br\/index.php\/wp-json\/"}],"wp:attachment":[{"href":"https:\/\/www.oparanews.com.br\/index.php\/wp-json\/wp\/v2\/media?parent=3083"}],"wp:term":[{"taxonomy":"category","embeddable":true,"href":"https:\/\/www.oparanews.com.br\/index.php\/wp-json\/wp\/v2\/categories?post=3083"},{"taxonomy":"post_tag","embeddable":true,"href":"https:\/\/www.oparanews.com.br\/index.php\/wp-json\/wp\/v2\/tags?post=3083"}],"curies":[{"name":"wp","href":"https:\/\/api.w.org\/{rel}","templated":true}]}}