{"id":30859,"date":"2024-02-28T07:39:15","date_gmt":"2024-02-28T10:39:15","guid":{"rendered":"https:\/\/www.oparanews.com.br\/?p=30859"},"modified":"2024-02-28T07:39:15","modified_gmt":"2024-02-28T10:39:15","slug":"procon-de-penedo-articula-acoes-estrategicas-em-parceria-com-agencias-bancarias","status":"publish","type":"post","link":"https:\/\/www.oparanews.com.br\/index.php\/2024\/02\/28\/procon-de-penedo-articula-acoes-estrategicas-em-parceria-com-agencias-bancarias\/","title":{"rendered":"Procon de Penedo articula a\u00e7\u00f5es estrat\u00e9gicas em parceria com ag\u00eancias banc\u00e1rias"},"content":{"rendered":"<p>O \u00f3rg\u00e3o municipal de defesa e prote\u00e7\u00e3o do consumidor convidou a administra\u00e7\u00e3o de todas as ag\u00eancias banc\u00e1rias que funcionam em Penedo para tratar de assuntos de interesse comum entre o Procon e as institui\u00e7\u00f5es prestadoras de servi\u00e7os.<\/p>\n<p>&nbsp;<\/p>\n<p>O trabalho realizado ao longo da semana passada consolidou rela\u00e7\u00f5es estrat\u00e9gicas e abriu o di\u00e1logo sobre iniciativas direcionadas para a comemora\u00e7\u00e3o do Dia do Consumidor, em 15 de mar\u00e7o.<\/p>\n<p>&nbsp;<\/p>\n<p>A Diretora Executiva do Procon Penedo, Caroline Sampaio, refor\u00e7ou a import\u00e2ncia das rela\u00e7\u00f5es colaborativas, enfatizando o papel das institui\u00e7\u00f5es na promo\u00e7\u00e3o da estabilidade financeira e no apoio ao desenvolvimento econ\u00f4mico local e regional.<\/p>\n<p>&nbsp;<\/p>\n<p>\u201cEstamos preparando uma s\u00e9rie de a\u00e7\u00f5es especiais para demonstrar nosso compromisso cont\u00ednuo em oferecer servi\u00e7os de alta qualidade aos nossos consumidores\u201d, afirma Caroline Sampaio, destacando a excelente receptividade dos gerentes que tamb\u00e9m se comprometeram em estreitar a colabora\u00e7\u00e3o com as iniciativas do Procon Penedo.<\/p>\n<p>&nbsp;<\/p>\n<p>Com uma vis\u00e3o compartilhada de excel\u00eancia no atendimento ao consumidor e compromisso com o crescimento econ\u00f4mico sustent\u00e1vel, as reuni\u00f5es entre a Diretora do Procon Municipal e os gerentes demonstraram o poder da colabora\u00e7\u00e3o com o setor financeiro e o potencial para criar impactos positivos duradouros na cidade.<\/p>\n<p>&nbsp;<\/p>\n<p>&nbsp;<\/p>\n<p>&nbsp;<\/p>\n<p>&nbsp;<\/p>\n<p><strong>Fonte: Secom PMP com Procon Penedo<\/strong><\/p>\n<p>&nbsp;<\/p>\n","protected":false},"excerpt":{"rendered":"<p>O \u00f3rg\u00e3o municipal de defesa e prote\u00e7\u00e3o do consumidor convidou a administra\u00e7\u00e3o de todas as ag\u00eancias banc\u00e1rias que funcionam em Penedo para tratar de assuntos de interesse comum entre o Procon e as institui\u00e7\u00f5es prestadoras de servi\u00e7os. &nbsp; O trabalho realizado ao longo da semana passada consolidou rela\u00e7\u00f5es estrat\u00e9gicas e abriu o di\u00e1logo sobre iniciativas &hellip;<\/p>\n","protected":false},"author":2,"featured_media":30860,"comment_status":"open","ping_status":"open","sticky":false,"template":"","format":"standard","meta":{"_jetpack_memberships_contains_paid_content":false,"footnotes":""},"categories":[1,3],"tags":[],"class_list":["post-30859","post","type-post","status-publish","format-standard","has-post-thumbnail","hentry","category-destaque","category-penedo"],"jetpack_featured_media_url":"https:\/\/www.oparanews.com.br\/wp-content\/uploads\/2024\/02\/Sem-titulo-4.png","jetpack_sharing_enabled":true,"_links":{"self":[{"href":"https:\/\/www.oparanews.com.br\/index.php\/wp-json\/wp\/v2\/posts\/30859","targetHints":{"allow":["GET"]}}],"collection":[{"href":"https:\/\/www.oparanews.com.br\/index.php\/wp-json\/wp\/v2\/posts"}],"about":[{"href":"https:\/\/www.oparanews.com.br\/index.php\/wp-json\/wp\/v2\/types\/post"}],"author":[{"embeddable":true,"href":"https:\/\/www.oparanews.com.br\/index.php\/wp-json\/wp\/v2\/users\/2"}],"replies":[{"embeddable":true,"href":"https:\/\/www.oparanews.com.br\/index.php\/wp-json\/wp\/v2\/comments?post=30859"}],"version-history":[{"count":1,"href":"https:\/\/www.oparanews.com.br\/index.php\/wp-json\/wp\/v2\/posts\/30859\/revisions"}],"predecessor-version":[{"id":30861,"href":"https:\/\/www.oparanews.com.br\/index.php\/wp-json\/wp\/v2\/posts\/30859\/revisions\/30861"}],"wp:featuredmedia":[{"embeddable":true,"href":"https:\/\/www.oparanews.com.br\/index.php\/wp-json\/wp\/v2\/media\/30860"}],"wp:attachment":[{"href":"https:\/\/www.oparanews.com.br\/index.php\/wp-json\/wp\/v2\/media?parent=30859"}],"wp:term":[{"taxonomy":"category","embeddable":true,"href":"https:\/\/www.oparanews.com.br\/index.php\/wp-json\/wp\/v2\/categories?post=30859"},{"taxonomy":"post_tag","embeddable":true,"href":"https:\/\/www.oparanews.com.br\/index.php\/wp-json\/wp\/v2\/tags?post=30859"}],"curies":[{"name":"wp","href":"https:\/\/api.w.org\/{rel}","templated":true}]}}