{"id":30969,"date":"2024-03-14T22:52:44","date_gmt":"2024-03-15T01:52:44","guid":{"rendered":"https:\/\/www.oparanews.com.br\/?p=30969"},"modified":"2024-03-14T22:52:44","modified_gmt":"2024-03-15T01:52:44","slug":"pavimenta-penedo-entrega-obra-que-melhora-qualidade-de-vida-para-moradores-da-vila-matias-e-loteamentos-vizinhos","status":"publish","type":"post","link":"https:\/\/www.oparanews.com.br\/index.php\/2024\/03\/14\/pavimenta-penedo-entrega-obra-que-melhora-qualidade-de-vida-para-moradores-da-vila-matias-e-loteamentos-vizinhos\/","title":{"rendered":"Pavimenta Penedo entrega obra que melhora qualidade de vida para moradores da Vila Matias e loteamentos vizinhos"},"content":{"rendered":"<p>Fabricando e distribuindo bolos h\u00e1 30 anos em Penedo, Rogaciano dos Santos Silva percorre diariamente vias p\u00fablicas da cidade em sua bicicleta, fazendo a entrega na casa dos clientes. O trabalho do empreendedor que \u00e9 conhecido como Z\u00e9 do Bolo faz dele testemunha dos investimentos que melhoram a qualidade de vida da popula\u00e7\u00e3o, conforme ressaltou durante a inaugura\u00e7\u00e3o da Rua Professor Murilo Mendon\u00e7a nesta quarta-feira, 13.<\/p>\n<p>&nbsp;<\/p>\n<p>Morador da Vila Matias h\u00e1 19 anos, ele foi um dos representantes da comunidade convidados a falar durante a entrega da obra do Programa Pavimenta Penedo. \u201cA gente tem um homem no poder que \u00e9 capaz de resolver esses problemas e hoje n\u00f3s sa\u00edmos de dentro da lama porque quem conhece e resolve os problemas de Penedo s\u00e3o os filhos de Penedo\u201d, disse Z\u00e9 do Bolo, referindo-se ao trabalho da administra\u00e7\u00e3o Ronaldo Lopes\/Jo\u00e3o Lucas.<\/p>\n<p>&nbsp;<\/p>\n<p>Willams Cigano (Jos\u00e9 Willams Alves da Silva) falou em nome da etnia que re\u00fane centenas de fam\u00edlias naquela localidade, destacando a import\u00e2ncia da obra. \u201cEsta rua beneficia n\u00e3o s\u00f3 a Vila Matias e o Loteamento Santa Luzia, mas tamb\u00e9m o Loteamento Santana e o prefeito Ronaldo Lopes foi o \u00fanico que atendeu o pedido das comunidades mais humildes da cidade\u201d, frisou o l\u00edder comunit\u00e1rio.<\/p>\n<p>&nbsp;<\/p>\n<p>A engenheira civil e Secret\u00e1ria de Infraestrutura Amanda Lima coordena a\u00e7\u00f5es do Pavimenta Penedo, programa feito com di\u00e1logo entre governo e povo. \u201cEu queria dizer da import\u00e2ncia de ter um prefeito que \u00e9 penedense e que se preocupa com a cidade. A gente esteve aqui no ano passado, escutou a popula\u00e7\u00e3o e vimos a necessidade de fazer n\u00e3o s\u00f3 a antiga rua A, mas tamb\u00e9m a travessa\u201d, explicou a gestora da Seinfra sobre o trabalho que incluiu a melhoria das cal\u00e7adas e instala\u00e7\u00e3o de meio-fio e linha d\u2019\u00e1gua.<\/p>\n<p>&nbsp;<\/p>\n<p>\u201cQuando voc\u00ea faz a pol\u00edtica s\u00e9ria, honesta, a pol\u00edtica p\u00fablica pensando realmente na transforma\u00e7\u00e3o da vida das pessoas, voc\u00ea se depara com isso aqui, com a satisfa\u00e7\u00e3o do povo\u201d, afirmou o radialista e Vice-Prefeito Jo\u00e3o Lucas.<\/p>\n<p>&nbsp;<\/p>\n<p>\u201cEsta \u00e9 uma obra que n\u00e3o s\u00f3 contempla pavimenta\u00e7\u00e3o, mas tamb\u00e9m outras pol\u00edticas p\u00fablicas. Isso aqui n\u00e3o \u00e9 s\u00f3 paralelep\u00edpedo e cimento, isso aqui \u00e9 sa\u00fade p\u00fablica porque aqui tinha lama e agora n\u00e3o tem mais. Isso aqui \u00e9 bem-estar, isso aqui \u00e9 a\u00e7\u00e3o social, \u00e9 transforma\u00e7\u00e3o de vida, \u00e9 valoriza\u00e7\u00e3o do im\u00f3vel\u201d, esclareceu Jo\u00e3o Lucas.<\/p>\n<p>&nbsp;<\/p>\n<p>O gestor que j\u00e1 fez mais por Penedo do que as administra\u00e7\u00f5es dos \u00faltimos 24 anos destacou ainda a prioridade que estabelece para atender comunidades historicamente esquecidas.<\/p>\n<p><a href=\"http:\/\/www.oparanews.com.br\/wp-content\/uploads\/2024\/03\/vila-matias-investimento-penedo-11.jpeg\"><img loading=\"lazy\" decoding=\"async\" class=\"aligncenter size-full wp-image-30972\" src=\"http:\/\/www.oparanews.com.br\/wp-content\/uploads\/2024\/03\/vila-matias-investimento-penedo-11.jpeg\" alt=\"\" width=\"1600\" height=\"1066\" srcset=\"https:\/\/www.oparanews.com.br\/wp-content\/uploads\/2024\/03\/vila-matias-investimento-penedo-11.jpeg 1600w, https:\/\/www.oparanews.com.br\/wp-content\/uploads\/2024\/03\/vila-matias-investimento-penedo-11-300x200.jpeg 300w, https:\/\/www.oparanews.com.br\/wp-content\/uploads\/2024\/03\/vila-matias-investimento-penedo-11-1024x682.jpeg 1024w, https:\/\/www.oparanews.com.br\/wp-content\/uploads\/2024\/03\/vila-matias-investimento-penedo-11-768x512.jpeg 768w, https:\/\/www.oparanews.com.br\/wp-content\/uploads\/2024\/03\/vila-matias-investimento-penedo-11-1536x1023.jpeg 1536w\" sizes=\"auto, (max-width: 1600px) 100vw, 1600px\" \/><\/a><\/p>\n<p>\u201cA pavimenta\u00e7\u00e3o tem sido uma bandeira muito importante e os bairros mais carentes da nossa cidade, os bairros onde as pessoas viviam literalmente na lama est\u00e3o sendo transformados. N\u00f3s j\u00e1 investimos no Matadouro, que \u00e9 o bairro Santa Cec\u00edlia, onde estamos cal\u00e7ando a \u00faltima rua que n\u00e3o tinha nada, tamb\u00e9m estamos trabalhando nas Cacimbinhas, o bairro Santa Isabel, onde fizemos a drenagem que tamb\u00e9m atende a comunidade Litoral, o Loteamento Ouro Verde e fomos at\u00e9 a Cooperativa\u201d, relatou o Prefeito de Penedo na antiga rua A da Vila Matias.<\/p>\n<p>&nbsp;<\/p>\n<p>Pavimentada em toda sua extens\u00e3o de cerca de 600 metros, a via p\u00fablica ganhou o nome do falecido professor e advogado penedense Murilo Mendon\u00e7a, representando na solenidade por filhas e neto, personalidade homenageada cujo car\u00e1ter e aten\u00e7\u00e3o ao povo de Penedo foram destacados nos discursos, especialmente pelos vereadores Bili Marques e Rodrigo Regueira.<\/p>\n<p><a href=\"http:\/\/www.oparanews.com.br\/wp-content\/uploads\/2024\/03\/vila-matias-investimento-penedo-3.jpeg\"><img loading=\"lazy\" decoding=\"async\" class=\"aligncenter size-full wp-image-30971\" src=\"http:\/\/www.oparanews.com.br\/wp-content\/uploads\/2024\/03\/vila-matias-investimento-penedo-3.jpeg\" alt=\"\" width=\"1600\" height=\"1066\" srcset=\"https:\/\/www.oparanews.com.br\/wp-content\/uploads\/2024\/03\/vila-matias-investimento-penedo-3.jpeg 1600w, https:\/\/www.oparanews.com.br\/wp-content\/uploads\/2024\/03\/vila-matias-investimento-penedo-3-300x200.jpeg 300w, https:\/\/www.oparanews.com.br\/wp-content\/uploads\/2024\/03\/vila-matias-investimento-penedo-3-1024x682.jpeg 1024w, https:\/\/www.oparanews.com.br\/wp-content\/uploads\/2024\/03\/vila-matias-investimento-penedo-3-768x512.jpeg 768w, https:\/\/www.oparanews.com.br\/wp-content\/uploads\/2024\/03\/vila-matias-investimento-penedo-3-1536x1023.jpeg 1536w\" sizes=\"auto, (max-width: 1600px) 100vw, 1600px\" \/><\/a><\/p>\n<p>A valoriza\u00e7\u00e3o do patrim\u00f4nio hist\u00f3rico, o incentivo ao turismo e respeito \u00e0 mem\u00f3ria de penedenses ilustres s\u00e3o outras caracter\u00edsticas da administra\u00e7\u00e3o feita por filhos da terra.<\/p>\n<p>&nbsp;<\/p>\n<p>A inaugura\u00e7\u00e3o do investimento do Pavimenta Penedo tamb\u00e9m foi prestigiada pelo ex-vereador e lideran\u00e7a comunit\u00e1ria Jorge Alves, o empres\u00e1rio e ex-vereador Mano da Ca\u00e7amba, secret\u00e1rios municipais, servidores, popula\u00e7\u00e3o e os edis Marcelo Pereira, Ernande Pinheiro, Denys Reis e Sargento Marival.<\/p>\n<p>&nbsp;<\/p>\n<p>&nbsp;<\/p>\n<p>&nbsp;<\/p>\n<p><strong>por Fernando Vin\u00edcius &#8211; Secom PMP<\/strong><\/p>\n<p>&nbsp;<\/p>\n","protected":false},"excerpt":{"rendered":"<p>Fabricando e distribuindo bolos h\u00e1 30 anos em Penedo, Rogaciano dos Santos Silva percorre diariamente vias p\u00fablicas da cidade em sua bicicleta, fazendo a entrega na casa dos clientes. O trabalho do empreendedor que \u00e9 conhecido como Z\u00e9 do Bolo faz dele testemunha dos investimentos que melhoram a qualidade de vida da popula\u00e7\u00e3o, conforme ressaltou &hellip;<\/p>\n","protected":false},"author":2,"featured_media":30970,"comment_status":"open","ping_status":"open","sticky":false,"template":"","format":"standard","meta":{"_jetpack_memberships_contains_paid_content":false,"footnotes":""},"categories":[1,3],"tags":[],"class_list":["post-30969","post","type-post","status-publish","format-standard","has-post-thumbnail","hentry","category-destaque","category-penedo"],"jetpack_featured_media_url":"https:\/\/www.oparanews.com.br\/wp-content\/uploads\/2024\/03\/pavimenta-penedo-vila-matias-1.jpeg","jetpack_sharing_enabled":true,"_links":{"self":[{"href":"https:\/\/www.oparanews.com.br\/index.php\/wp-json\/wp\/v2\/posts\/30969","targetHints":{"allow":["GET"]}}],"collection":[{"href":"https:\/\/www.oparanews.com.br\/index.php\/wp-json\/wp\/v2\/posts"}],"about":[{"href":"https:\/\/www.oparanews.com.br\/index.php\/wp-json\/wp\/v2\/types\/post"}],"author":[{"embeddable":true,"href":"https:\/\/www.oparanews.com.br\/index.php\/wp-json\/wp\/v2\/users\/2"}],"replies":[{"embeddable":true,"href":"https:\/\/www.oparanews.com.br\/index.php\/wp-json\/wp\/v2\/comments?post=30969"}],"version-history":[{"count":1,"href":"https:\/\/www.oparanews.com.br\/index.php\/wp-json\/wp\/v2\/posts\/30969\/revisions"}],"predecessor-version":[{"id":30973,"href":"https:\/\/www.oparanews.com.br\/index.php\/wp-json\/wp\/v2\/posts\/30969\/revisions\/30973"}],"wp:featuredmedia":[{"embeddable":true,"href":"https:\/\/www.oparanews.com.br\/index.php\/wp-json\/wp\/v2\/media\/30970"}],"wp:attachment":[{"href":"https:\/\/www.oparanews.com.br\/index.php\/wp-json\/wp\/v2\/media?parent=30969"}],"wp:term":[{"taxonomy":"category","embeddable":true,"href":"https:\/\/www.oparanews.com.br\/index.php\/wp-json\/wp\/v2\/categories?post=30969"},{"taxonomy":"post_tag","embeddable":true,"href":"https:\/\/www.oparanews.com.br\/index.php\/wp-json\/wp\/v2\/tags?post=30969"}],"curies":[{"name":"wp","href":"https:\/\/api.w.org\/{rel}","templated":true}]}}