{"id":31113,"date":"2024-03-30T23:05:13","date_gmt":"2024-03-31T02:05:13","guid":{"rendered":"https:\/\/www.oparanews.com.br\/?p=31113"},"modified":"2024-03-30T23:05:13","modified_gmt":"2024-03-31T02:05:13","slug":"simbolos-e-ovos-de-chocolate-tem-origem-paga-veja-cinco-curiosidades-da-pascoa","status":"publish","type":"post","link":"https:\/\/www.oparanews.com.br\/index.php\/2024\/03\/30\/simbolos-e-ovos-de-chocolate-tem-origem-paga-veja-cinco-curiosidades-da-pascoa\/","title":{"rendered":"S\u00edmbolos e ovos de chocolate t\u00eam origem pag\u00e3: veja cinco curiosidades da P\u00e1scoa"},"content":{"rendered":"<p>A tradi\u00e7\u00e3o da P\u00e1scoa \u00e9 antiga, e carrega alguns s\u00edmbolos famosos, como os ovos de chocolate, coelhos para as crian\u00e7as e comemora\u00e7\u00f5es cat\u00f3licas. Mas voc\u00ea sabia que v\u00e1rios desses elementos tem origem pag\u00e3?<\/p>\n<p>&nbsp;<\/p>\n<p>De acordo com pesquisadores da Universidade de Sidney, na Austr\u00e1lia, os seres humanos historicamente celebraram os equin\u00f3cios e solst\u00edcios como momentos sagrados.<\/p>\n<p>&nbsp;<\/p>\n<p>Portanto, a P\u00e1scoa parece ter se originado como uma festividade em honra \u00e0 chegada da Primavera pelos povos n\u00f3rdicos, muito antes do surgimento do cristianismo.<\/p>\n<p>&nbsp;<\/p>\n<p>Carole Cusack, da Universidade de Sidney, explicou que o equin\u00f3cio da primavera marca o dia em que a quantidade de escurid\u00e3o e de luz do dia s\u00e3o exatamente iguais, indicando a transi\u00e7\u00e3o do inverno para a primavera, quando luz e escurid\u00e3o retornam ao equil\u00edbrio.<\/p>\n<p>&nbsp;<\/p>\n<p><strong>Tradi\u00e7\u00e3o emprestada<\/strong><\/p>\n<p>&nbsp;<\/p>\n<p>Somente ap\u00f3s o surgimento de Jesus \u00e9 que a P\u00e1scoa come\u00e7ou a ser relacionada com a sua ressurrei\u00e7\u00e3o.<\/p>\n<p>&nbsp;<\/p>\n<p>De acordo com especialistas, nos primeiros s\u00e9culos ap\u00f3s a vida de Jesus, os dias festivos na nova igreja crist\u00e3 foram incorporados aos antigos festivais pag\u00e3os.<\/p>\n<p>&nbsp;<\/p>\n<p>Esses festivais de primavera enfatizam a ideia de \u201cnova vida\u201d, e a transi\u00e7\u00e3o do frio do inverno para a primavera se tornou s\u00edmbolo da vit\u00f3ria sobre a morte, representada pela ressurrei\u00e7\u00e3o de Jesus ap\u00f3s a crucifica\u00e7\u00e3o.<\/p>\n<p>&nbsp;<\/p>\n<p>Dessa forma, fica claro que muitos dos costumes pag\u00e3os da celebra\u00e7\u00e3o da primavera no hemisf\u00e9rio norte foram emprestados pelo cristianismo como s\u00edmbolos da ressurrei\u00e7\u00e3o de Jesus. Para confirmar isso, voc\u00ea confere 5 curiosidades ao redor do mundo:<\/p>\n<p>&nbsp;<\/p>\n<p>5 tradi\u00e7\u00f5es da P\u00e1scoa e suas origens pag\u00e3s<\/p>\n<p>&nbsp;<\/p>\n<p><strong>1. Coelhos e ovos<\/strong><\/p>\n<p>&nbsp;<\/p>\n<p>Na tradi\u00e7\u00e3o pag\u00e3, os coelhos e as lebres representam Ostara, a deusa do amor, da fertilidade e do renascimento na mitologia anglo-sax\u00e3, n\u00f3rdica e germ\u00e2nica.<\/p>\n<p>&nbsp;<\/p>\n<p>Curiosamente, na primavera, os antigos povos coloriam ovos e empregavam lebres como s\u00edmbolos de celebra\u00e7\u00e3o da fertilidade e renova\u00e7\u00e3o, atributos associados a essa divindade.<\/p>\n<p>&nbsp;<\/p>\n<p>Com a dissemina\u00e7\u00e3o do cristianismo pelo mundo, a Igreja adotou esses mesmos s\u00edmbolos para representar a nova vida decorrente da ressurrei\u00e7\u00e3o de Jesus, conforme observado por Cusack.<\/p>\n<p>&nbsp;<\/p>\n<p>Enquanto isso, durante a Idade M\u00e9dia, especialmente no leste europeu, era comum decorar ovos e consumi-los como iguarias ap\u00f3s a missa de domingo de P\u00e1scoa, marcando o fim do per\u00edodo de jejum da quaresma.<\/p>\n<p>&nbsp;<\/p>\n<p><strong>2. Omelete gigante para Napole\u00e3o<\/strong><\/p>\n<p>&nbsp;<\/p>\n<p>Na Fran\u00e7a, a tradi\u00e7\u00e3o da P\u00e1scoa \u00e9 celebrada de maneira diferente. Embora os coelhos possam n\u00e3o ser nativos, os ovos desempenham um papel fundamental.<\/p>\n<p>&nbsp;<\/p>\n<p>Na segunda-feira de P\u00e1scoa, \u00e9 uma tradi\u00e7\u00e3o desfrutar de uma omelete feita com ovos frescos, ervas e ingredientes locais, como trufas e queijo de cabra.<\/p>\n<p>&nbsp;<\/p>\n<p>A origem vem do encontro de Napole\u00e3o Bonaparte e seu ex\u00e9rcito em uma cidade francesa, onde solicitaram uma omelete gigante para comemorar a data.<\/p>\n<p>&nbsp;<\/p>\n<p>Supostamente, essa cidade \u00e9 Bessi\u00e8res, localizada no sudoeste da Fran\u00e7a, e a popula\u00e7\u00e3o continua a preparar a omelete gigante at\u00e9 os dias de hoje.<\/p>\n<p>&nbsp;<\/p>\n<p>Para preparar essa iguaria, utilizam-se nada menos que 15 mil ovos, em uma panela com quatro metros de di\u00e2metro.<\/p>\n<p>&nbsp;<\/p>\n<p>Cerca de 40 cozinheiros dedicam um tempo consider\u00e1vel para cozinhar o alimento, usando colheres gigantes. Posteriormente, a omelete \u00e9 distribu\u00edda entre aproximadamente 10 mil pessoas.<\/p>\n<p>&nbsp;<\/p>\n<p><strong>3. Mudan\u00e7a de data<\/strong><\/p>\n<p>&nbsp;<\/p>\n<p>Voc\u00ea pode ter notado que outra tradi\u00e7\u00e3o da P\u00e1scoa \u00e9 n\u00e3o ter uma data fixa no calend\u00e1rio anual, e tem uma raz\u00e3o para isso, por conta da Igreja Cat\u00f3lica.<\/p>\n<p>&nbsp;<\/p>\n<p>Durante a primeira grande assembleia da Igreja, em 325 d.C., o Conc\u00edlio de Nic\u00e9ia estabeleceu que a P\u00e1scoa seria celebrada no domingo seguinte \u00e0 primeira lua cheia ap\u00f3s o in\u00edcio da primavera no hemisf\u00e9rio norte, que geralmente ocorre em 20 de mar\u00e7o.<\/p>\n<p>&nbsp;<\/p>\n<p>Por isso a data da P\u00e1scoa varia de ano para ano. No entanto, \u00e9 certo que a P\u00e1scoa sempre acontecer\u00e1 em um domingo entre 25 de mar\u00e7o e 25 de abril.<\/p>\n<p>&nbsp;<\/p>\n<p><strong>4. Tradi\u00e7\u00e3o alem\u00e3?<\/strong><\/p>\n<p>&nbsp;<\/p>\n<p>Em muitos pa\u00edses europeus, o termo \u201cP\u00e1scoa\u201d tem suas ra\u00edzes na festa judaica de mesmo nome. Assim, em grego, a celebra\u00e7\u00e3o \u00e9 chamada de \u201cPascha\u201d, em italiano de \u201cPasqua\u201d, em dinamarqu\u00eas de \u201cPaaske\u201d e em franc\u00eas de \u201cPaques\u201d.<\/p>\n<p>&nbsp;<\/p>\n<p>Entretanto, nas l\u00ednguas anglo-sax\u00e3s, o feriado \u00e9 conhecido como Easter em ingl\u00eas e Ostern em alem\u00e3o. Isso se deve \u00e0 refer\u00eancia a Ostara, a deusa pag\u00e3 que, como mencionado anteriormente, simboliza a renova\u00e7\u00e3o da primavera.<\/p>\n<p>&nbsp;<\/p>\n<p>Essa conex\u00e3o levantou uma teoria que sugere que toda a tradi\u00e7\u00e3o da P\u00e1scoa teve origem na Alemanha e depois se espalhou pelo mundo.<\/p>\n<p>&nbsp;<\/p>\n<p>Al\u00e9m da associa\u00e7\u00e3o com a deusa n\u00f3rdica, historiadores argumentam que a liga\u00e7\u00e3o entre coelhos e ovos tem suas ra\u00edzes na Alemanha agr\u00e1ria.<\/p>\n<p>&nbsp;<\/p>\n<p>Isso porque, na Idade M\u00e9dia, a quinta-feira ou sexta-feira antes da P\u00e1scoa marcava tipicamente o encerramento do ano comercial. Nesse per\u00edodo, os agricultores precisavam liquidar suas d\u00edvidas com os propriet\u00e1rios de terras.<\/p>\n<p>&nbsp;<\/p>\n<p>Devido ao per\u00edodo de jejum da quaresma, esses agricultores se viam com muitos ovos, levando-os a quitar suas d\u00edvidas com ovos cozidos e lebres que ca\u00e7avam em seus campos.<\/p>\n<p>&nbsp;<\/p>\n<p><strong>5. Ovos vermelhos na Gr\u00e9cia<\/strong><\/p>\n<p>&nbsp;<\/p>\n<p>Por fim, a Gr\u00e9cia tamb\u00e9m tem sua participa\u00e7\u00e3o na tradi\u00e7\u00e3o da P\u00e1scoa, quebrando ovos vermelhos.<\/p>\n<p>&nbsp;<\/p>\n<p>Essa pr\u00e1tica remonta aos primeiros crist\u00e3os da Mesopot\u00e2mia, que come\u00e7aram a tingir ovos de vermelho em mem\u00f3ria ao sangue derramado por Jesus durante sua crucifica\u00e7\u00e3o.<\/p>\n<p>&nbsp;<\/p>\n<p>Inicialmente, os ovos vermelhos s\u00e3o trocados como presentes entre amigos e familiares. Em seguida, come\u00e7a a quebra dos ovos, um evento conhecido como tsougrisma.<\/p>\n<p>&nbsp;<\/p>\n<p>\u00c9 semelhante a um brinde: as pessoas batem seus ovos uns contra os outros enquanto trocam a tradicional sauda\u00e7\u00e3o de P\u00e1scoa: \u201cChristos anesti!\u201d (\u201cCristo ressuscitou!\u201d).<\/p>\n<p>&nbsp;<\/p>\n<p>Essa tradi\u00e7\u00e3o ocorre tamb\u00e9m em outras regi\u00f5es, como partes da It\u00e1lia, \u00c1ustria e Su\u00ed\u00e7a.<\/p>\n<p>&nbsp;<\/p>\n<p>&nbsp;<\/p>\n<p>&nbsp;<\/p>\n<p>&nbsp;<\/p>\n<p><strong>Fonte: Fatos desconhecidos<\/strong><\/p>\n<p>&nbsp;<\/p>\n","protected":false},"excerpt":{"rendered":"<p>A tradi\u00e7\u00e3o da P\u00e1scoa \u00e9 antiga, e carrega alguns s\u00edmbolos famosos, como os ovos de chocolate, coelhos para as crian\u00e7as e comemora\u00e7\u00f5es cat\u00f3licas. Mas voc\u00ea sabia que v\u00e1rios desses elementos tem origem pag\u00e3? &nbsp; De acordo com pesquisadores da Universidade de Sidney, na Austr\u00e1lia, os seres humanos historicamente celebraram os equin\u00f3cios e solst\u00edcios como momentos &hellip;<\/p>\n","protected":false},"author":2,"featured_media":31114,"comment_status":"open","ping_status":"open","sticky":false,"template":"","format":"standard","meta":{"_jetpack_memberships_contains_paid_content":false,"footnotes":""},"categories":[5],"tags":[],"class_list":["post-31113","post","type-post","status-publish","format-standard","has-post-thumbnail","hentry","category-brasil-mundo"],"jetpack_featured_media_url":"https:\/\/www.oparanews.com.br\/wp-content\/uploads\/2024\/03\/csm_pascoa_pexels_df2d4ca31e.jpg","jetpack_sharing_enabled":true,"_links":{"self":[{"href":"https:\/\/www.oparanews.com.br\/index.php\/wp-json\/wp\/v2\/posts\/31113","targetHints":{"allow":["GET"]}}],"collection":[{"href":"https:\/\/www.oparanews.com.br\/index.php\/wp-json\/wp\/v2\/posts"}],"about":[{"href":"https:\/\/www.oparanews.com.br\/index.php\/wp-json\/wp\/v2\/types\/post"}],"author":[{"embeddable":true,"href":"https:\/\/www.oparanews.com.br\/index.php\/wp-json\/wp\/v2\/users\/2"}],"replies":[{"embeddable":true,"href":"https:\/\/www.oparanews.com.br\/index.php\/wp-json\/wp\/v2\/comments?post=31113"}],"version-history":[{"count":2,"href":"https:\/\/www.oparanews.com.br\/index.php\/wp-json\/wp\/v2\/posts\/31113\/revisions"}],"predecessor-version":[{"id":31116,"href":"https:\/\/www.oparanews.com.br\/index.php\/wp-json\/wp\/v2\/posts\/31113\/revisions\/31116"}],"wp:featuredmedia":[{"embeddable":true,"href":"https:\/\/www.oparanews.com.br\/index.php\/wp-json\/wp\/v2\/media\/31114"}],"wp:attachment":[{"href":"https:\/\/www.oparanews.com.br\/index.php\/wp-json\/wp\/v2\/media?parent=31113"}],"wp:term":[{"taxonomy":"category","embeddable":true,"href":"https:\/\/www.oparanews.com.br\/index.php\/wp-json\/wp\/v2\/categories?post=31113"},{"taxonomy":"post_tag","embeddable":true,"href":"https:\/\/www.oparanews.com.br\/index.php\/wp-json\/wp\/v2\/tags?post=31113"}],"curies":[{"name":"wp","href":"https:\/\/api.w.org\/{rel}","templated":true}]}}