{"id":31304,"date":"2024-04-19T07:45:09","date_gmt":"2024-04-19T10:45:09","guid":{"rendered":"https:\/\/www.oparanews.com.br\/?p=31304"},"modified":"2024-04-19T07:45:09","modified_gmt":"2024-04-19T10:45:09","slug":"apos-rumor-de-traicao-gracyanne-comenta-relacao-com-personal-trainer-e-separacao-de-belo","status":"publish","type":"post","link":"https:\/\/www.oparanews.com.br\/index.php\/2024\/04\/19\/apos-rumor-de-traicao-gracyanne-comenta-relacao-com-personal-trainer-e-separacao-de-belo\/","title":{"rendered":"Ap\u00f3s rumor de trai\u00e7\u00e3o, Gracyanne comenta rela\u00e7\u00e3o com personal trainer e separa\u00e7\u00e3o de Belo"},"content":{"rendered":"<p>Gracyanne Barbosa admitiu, nesta quinta-feira (18), que teve um &#8216;envolvimento&#8217; com o personal trainer Gilson de Oliveira ap\u00f3s o fim de seu relacionamento de 16 anos com Belo, confirmado \u00e0 Quem pela assessoria da influenciadora. A musa fitness se pronunciou ap\u00f3s ser acusada de ter tra\u00eddo o pagodeiro em meio a rumores de separa\u00e7\u00e3o.<\/p>\n<p>&nbsp;<\/p>\n<p>Fontes da Quem j\u00e1 haviam dito que ela teria vivido um caso com o bodybuilder, que conta com quase 3 mil seguidores no Instagram, e usa a rede social para postar fotos e v\u00eddeos dos treinos. Ele ainda publica fotos com a fam\u00edlia e em v\u00e1rias praias do Rio. Em janeiro deste ano, Gilson treinou ao lado de Gracy.<\/p>\n<p>&nbsp;<\/p>\n<p>&#8220;N\u00e3o estou mais [com o rapaz], j\u00e1 estive (&#8230;) tive um per\u00edodo com o Gilson&#8221;, disse ela ao portal Leo Dias, confirmando o affair curto com o preparador f\u00edsico. Sobre o fim do relacionamento com o cantor, apontou: &#8220;Eu magoei demais o Belo, e hoje me arrependo disso (&#8230;) Nossa rela\u00e7\u00e3o j\u00e1 estava bem ruim h\u00e1 algum tempo. Est\u00e1vamos decididos a separar, j\u00e1 estava muito ruim, nossa rela\u00e7\u00e3o n\u00e3o envolve um casal, envolve muitas pessoas, s\u00e3o coisas de fam\u00edlia, escrit\u00f3rio, empres\u00e1rio, quinhentas pessoas dando palpite. Se tenho uma briga com meu marido, \u00e9 o empres\u00e1rio dele quem me liga para resolver. Isso foi desgastando a rela\u00e7\u00e3o, n\u00e3o foi falta de amor ou outra coisa&#8221;.<\/p>\n<p>&nbsp;<\/p>\n<p>Gracyanne lamentou a dist\u00e2ncia entre os dois, e disse que &#8216;um casal precisa ter um pouquinho de privacidade&#8217; para resolver situa\u00e7\u00f5es complicadas. &#8220;Hoje estou sozinha, uma separa\u00e7\u00e3o n\u00e3o \u00e9 f\u00e1cil, pra resolver que \u00e9 muito conturbada, financeiramente agente nunca conseguiu se organizar meu foco agora \u00e9 me organizar, e n\u00e3o vou falar que eu n\u00e3o quero voltar , eu amo o Belo, ele \u00e9 o homem da minha, vida, mas hoje n\u00e3o sei se a gente tem um futuro Eu sei que eu o magoei demais, mas hoje me arrependo&#8221;, disse.<\/p>\n<p>&nbsp;<\/p>\n<p>Barbosa disse que, apesar de brigarem pouco, ambos n\u00e3o conseguiam &#8216;sair do lugar&#8217;. Os dois estavam juntos desde 2007, e trocaram alian\u00e7as em 2012. &#8220;Chegou um momento que ele n\u00e3o me via mais, \u00e9 muita gente dando palpite, falando, hoje gra\u00e7a a Deus ele est\u00e1 com muitos compromissos, mas deixou a gente muito distante, sem conex\u00e3o. Eu tamb\u00e9m n\u00e3o quero me separar. (&#8230;) A gente precisava ter uma vida de casal&#8221;, finalizou.<\/p>\n<p>&nbsp;<\/p>\n<p>Contatada pela Quem, a assessoria da influenciadora confirmou a separa\u00e7\u00e3o: &#8220;Gracyanne Barbosa reafirma que o amor entre o casal n\u00e3o acabou, mas confirma a separa\u00e7\u00e3o atual&#8221;. J\u00e1 a equipe do astro do Soweto apontou que &#8216;n\u00e3o iria responder sobre a vida pessoal&#8217; do artista.<\/p>\n<p>&nbsp;<\/p>\n<p>&nbsp;<\/p>\n<p>&nbsp;<\/p>\n<p>&nbsp;<\/p>\n<p><strong>Fonte: Revista Quem<\/strong><\/p>\n","protected":false},"excerpt":{"rendered":"<p>Gracyanne Barbosa admitiu, nesta quinta-feira (18), que teve um &#8216;envolvimento&#8217; com o personal trainer Gilson de Oliveira ap\u00f3s o fim de seu relacionamento de 16 anos com Belo, confirmado \u00e0 Quem pela assessoria da influenciadora. A musa fitness se pronunciou ap\u00f3s ser acusada de ter tra\u00eddo o pagodeiro em meio a rumores de separa\u00e7\u00e3o. &nbsp; &hellip;<\/p>\n","protected":false},"author":2,"featured_media":31305,"comment_status":"open","ping_status":"open","sticky":false,"template":"","format":"standard","meta":{"_jetpack_memberships_contains_paid_content":false,"footnotes":""},"categories":[7],"tags":[],"class_list":["post-31304","post","type-post","status-publish","format-standard","has-post-thumbnail","hentry","category-entretenimento"],"jetpack_featured_media_url":"https:\/\/www.oparanews.com.br\/wp-content\/uploads\/2024\/04\/csm_gracyanne-barbosa-familia-belo-1_0b398d050f.jpg","jetpack_sharing_enabled":true,"_links":{"self":[{"href":"https:\/\/www.oparanews.com.br\/index.php\/wp-json\/wp\/v2\/posts\/31304","targetHints":{"allow":["GET"]}}],"collection":[{"href":"https:\/\/www.oparanews.com.br\/index.php\/wp-json\/wp\/v2\/posts"}],"about":[{"href":"https:\/\/www.oparanews.com.br\/index.php\/wp-json\/wp\/v2\/types\/post"}],"author":[{"embeddable":true,"href":"https:\/\/www.oparanews.com.br\/index.php\/wp-json\/wp\/v2\/users\/2"}],"replies":[{"embeddable":true,"href":"https:\/\/www.oparanews.com.br\/index.php\/wp-json\/wp\/v2\/comments?post=31304"}],"version-history":[{"count":1,"href":"https:\/\/www.oparanews.com.br\/index.php\/wp-json\/wp\/v2\/posts\/31304\/revisions"}],"predecessor-version":[{"id":31306,"href":"https:\/\/www.oparanews.com.br\/index.php\/wp-json\/wp\/v2\/posts\/31304\/revisions\/31306"}],"wp:featuredmedia":[{"embeddable":true,"href":"https:\/\/www.oparanews.com.br\/index.php\/wp-json\/wp\/v2\/media\/31305"}],"wp:attachment":[{"href":"https:\/\/www.oparanews.com.br\/index.php\/wp-json\/wp\/v2\/media?parent=31304"}],"wp:term":[{"taxonomy":"category","embeddable":true,"href":"https:\/\/www.oparanews.com.br\/index.php\/wp-json\/wp\/v2\/categories?post=31304"},{"taxonomy":"post_tag","embeddable":true,"href":"https:\/\/www.oparanews.com.br\/index.php\/wp-json\/wp\/v2\/tags?post=31304"}],"curies":[{"name":"wp","href":"https:\/\/api.w.org\/{rel}","templated":true}]}}