{"id":31455,"date":"2024-05-08T16:04:21","date_gmt":"2024-05-08T19:04:21","guid":{"rendered":"https:\/\/www.oparanews.com.br\/?p=31455"},"modified":"2024-05-08T16:04:21","modified_gmt":"2024-05-08T19:04:21","slug":"prefeitura-de-penedo-acolhe-desabrigados-e-desalojados-pelas-chuvas","status":"publish","type":"post","link":"https:\/\/www.oparanews.com.br\/index.php\/2024\/05\/08\/prefeitura-de-penedo-acolhe-desabrigados-e-desalojados-pelas-chuvas\/","title":{"rendered":"Prefeitura de Penedo acolhe desabrigados e desalojados pelas chuvas"},"content":{"rendered":"<p>As fam\u00edlias afetadas pelas chuvas em Penedo est\u00e3o sendo acolhidas na Escola Municipal Irm\u00e3 Jolenta, unidade de ensino mais pr\u00f3xima das localidades que historicamente sofrem alagamentos devido ao volume de \u00e1gua acumulado na lagoa do Oiteiro.<\/p>\n<p>&nbsp;<\/p>\n<p>Trabalhando desde a noite de segunda-feria, 06, equipes de diversos setores da Prefeitura de Penedo visitam locais para orientar e encaminhar quem precisa deixar a casa. Os dados mais recentes, divulgados por volta das 10 horas desta quarta-feira, 08, apontam 27 pessoas desalojadas e mais seis desabrigadas, todas acolhidas na Escola Irm\u00e3 Jolenta.<\/p>\n<p>&nbsp;<\/p>\n<p>Na unidade de ensino de Penedo que est\u00e1 com aulas suspensas por servir como abrigo provis\u00f3rio, as pessoas recebem atendimento m\u00e9dico e alimenta\u00e7\u00e3o, al\u00e9m de um local seguro que tem acompanhamento direto da Secretaria Municipal de Assist\u00eancia Social e Direitos Humanos (SEMASDH), inclusive com pessoal plantonista.<\/p>\n<p><a href=\"http:\/\/www.oparanews.com.br\/wp-content\/uploads\/2024\/05\/chuvas-penedo-assistencia-saude-4-scaled-1.jpeg\"><img loading=\"lazy\" decoding=\"async\" class=\"aligncenter size-full wp-image-31456\" src=\"http:\/\/www.oparanews.com.br\/wp-content\/uploads\/2024\/05\/chuvas-penedo-assistencia-saude-4-scaled-1.jpeg\" alt=\"\" width=\"2560\" height=\"1440\" srcset=\"https:\/\/www.oparanews.com.br\/wp-content\/uploads\/2024\/05\/chuvas-penedo-assistencia-saude-4-scaled-1.jpeg 2560w, https:\/\/www.oparanews.com.br\/wp-content\/uploads\/2024\/05\/chuvas-penedo-assistencia-saude-4-scaled-1-300x169.jpeg 300w, https:\/\/www.oparanews.com.br\/wp-content\/uploads\/2024\/05\/chuvas-penedo-assistencia-saude-4-scaled-1-1024x576.jpeg 1024w, https:\/\/www.oparanews.com.br\/wp-content\/uploads\/2024\/05\/chuvas-penedo-assistencia-saude-4-scaled-1-768x432.jpeg 768w, https:\/\/www.oparanews.com.br\/wp-content\/uploads\/2024\/05\/chuvas-penedo-assistencia-saude-4-scaled-1-1536x864.jpeg 1536w, https:\/\/www.oparanews.com.br\/wp-content\/uploads\/2024\/05\/chuvas-penedo-assistencia-saude-4-scaled-1-2048x1152.jpeg 2048w, https:\/\/www.oparanews.com.br\/wp-content\/uploads\/2024\/05\/chuvas-penedo-assistencia-saude-4-scaled-1-390x220.jpeg 390w\" sizes=\"auto, (max-width: 2560px) 100vw, 2560px\" \/><\/a><\/p>\n<p>A solidariedade espont\u00e2nea dos penedenses tamb\u00e9m n\u00e3o falta, com populares se dirigindo at\u00e9 a unidade de ensino para doar roupas e alimentos. Da mesma forma, empres\u00e1rios dos supermercados Vital e Santos doaram itens de higiene pessoal e alimentos.<\/p>\n<p>&nbsp;<\/p>\n<p>Em situa\u00e7\u00e3o de alerta permanente, a Prefeitura de Penedo atua em diferentes frentes de servi\u00e7o, inclusive em locais onde foi preciso abrir passagem nas vias p\u00fablicas para escoamento das \u00e1guas em dire\u00e7\u00e3o ao rio S\u00e3o Francisco.<\/p>\n<p>&nbsp;<\/p>\n<p>O Prefeito Ronaldo Lopes acompanhou na tarde desta ter\u00e7a, 07, a interven\u00e7\u00e3o na Rodovia M\u00e1rio Freire Leahy e depois se reuniu com os gestores e coordenadores das pastas diretamente envolvidas nas a\u00e7\u00f5es emergenciais, recebendo informa\u00e7\u00f5es de cada um e orientando sobre os procedimentos da administra\u00e7\u00e3o em rela\u00e7\u00e3o \u00e0 situa\u00e7\u00e3o causada pelo segundo maior volume de chuvas em Penedo desde que o in\u00edcio das medi\u00e7\u00f5es, em 1935.<\/p>\n<p>&nbsp;<\/p>\n<p>&nbsp;<\/p>\n<p>&nbsp;<\/p>\n<p><strong>por Fernando Vin\u00edcius &#8211; Secom PMP<\/strong><\/p>\n<p>&nbsp;<\/p>\n","protected":false},"excerpt":{"rendered":"<p>As fam\u00edlias afetadas pelas chuvas em Penedo est\u00e3o sendo acolhidas na Escola Municipal Irm\u00e3 Jolenta, unidade de ensino mais pr\u00f3xima das localidades que historicamente sofrem alagamentos devido ao volume de \u00e1gua acumulado na lagoa do Oiteiro. &nbsp; Trabalhando desde a noite de segunda-feria, 06, equipes de diversos setores da Prefeitura de Penedo visitam locais para &hellip;<\/p>\n","protected":false},"author":2,"featured_media":31457,"comment_status":"open","ping_status":"open","sticky":false,"template":"","format":"standard","meta":{"_jetpack_memberships_contains_paid_content":false,"footnotes":""},"categories":[1,3],"tags":[],"class_list":["post-31455","post","type-post","status-publish","format-standard","has-post-thumbnail","hentry","category-destaque","category-penedo"],"jetpack_featured_media_url":"https:\/\/www.oparanews.com.br\/wp-content\/uploads\/2024\/05\/chuvas-penedo-assistencia-escola-7.jpeg","jetpack_sharing_enabled":true,"_links":{"self":[{"href":"https:\/\/www.oparanews.com.br\/index.php\/wp-json\/wp\/v2\/posts\/31455","targetHints":{"allow":["GET"]}}],"collection":[{"href":"https:\/\/www.oparanews.com.br\/index.php\/wp-json\/wp\/v2\/posts"}],"about":[{"href":"https:\/\/www.oparanews.com.br\/index.php\/wp-json\/wp\/v2\/types\/post"}],"author":[{"embeddable":true,"href":"https:\/\/www.oparanews.com.br\/index.php\/wp-json\/wp\/v2\/users\/2"}],"replies":[{"embeddable":true,"href":"https:\/\/www.oparanews.com.br\/index.php\/wp-json\/wp\/v2\/comments?post=31455"}],"version-history":[{"count":1,"href":"https:\/\/www.oparanews.com.br\/index.php\/wp-json\/wp\/v2\/posts\/31455\/revisions"}],"predecessor-version":[{"id":31458,"href":"https:\/\/www.oparanews.com.br\/index.php\/wp-json\/wp\/v2\/posts\/31455\/revisions\/31458"}],"wp:featuredmedia":[{"embeddable":true,"href":"https:\/\/www.oparanews.com.br\/index.php\/wp-json\/wp\/v2\/media\/31457"}],"wp:attachment":[{"href":"https:\/\/www.oparanews.com.br\/index.php\/wp-json\/wp\/v2\/media?parent=31455"}],"wp:term":[{"taxonomy":"category","embeddable":true,"href":"https:\/\/www.oparanews.com.br\/index.php\/wp-json\/wp\/v2\/categories?post=31455"},{"taxonomy":"post_tag","embeddable":true,"href":"https:\/\/www.oparanews.com.br\/index.php\/wp-json\/wp\/v2\/tags?post=31455"}],"curies":[{"name":"wp","href":"https:\/\/api.w.org\/{rel}","templated":true}]}}