{"id":31477,"date":"2024-05-11T23:07:43","date_gmt":"2024-05-12T02:07:43","guid":{"rendered":"https:\/\/www.oparanews.com.br\/?p=31477"},"modified":"2024-05-11T23:07:43","modified_gmt":"2024-05-12T02:07:43","slug":"com-novas-chuvas-guaiba-volta-a-subir-e-atinge-47-metros","status":"publish","type":"post","link":"https:\/\/www.oparanews.com.br\/index.php\/2024\/05\/11\/com-novas-chuvas-guaiba-volta-a-subir-e-atinge-47-metros\/","title":{"rendered":"Com novas chuvas, Gua\u00edba volta a subir e atinge 4,7 metros"},"content":{"rendered":"<p>Em queda desde quinta-feira (9), o n\u00edvel da \u00e1gua do lago Gua\u00edba, no Rio Grande do Sul, voltou a subir na manh\u00e3 deste s\u00e1bado (11). De acordo com a medi\u00e7\u00e3o, feita no cais Mau\u00e1, o n\u00edvel do lago subiu 10 cent\u00edmetros entre 8h e 9h, indo de 4,6 metros para 4,7 metros.<\/p>\n<p>&nbsp;<\/p>\n<p>As autoridades ga\u00fachas temem um novo repique de eleva\u00e7\u00e3o j\u00e1 que h\u00e1 previs\u00e3o de novas chuvas fortes atingirem o estado neste fim de semana.<\/p>\n<p>&nbsp;<\/p>\n<p>O n\u00famero \u00e9 considerado alto, uma vez que quando o lago atinge 2,5 metros \u00e9 emitido um alerta e quando chega a 3 metros \u00e9 registrada inunda\u00e7\u00e3o.<\/p>\n<p>&nbsp;<\/p>\n<p>Na noite desta sexta-feira (10), as chuvas voltaram a atingir o Rio Grande do Sul, deixando as autoridades e a popula\u00e7\u00e3o em alerta m\u00e1ximo pela possibilidade de novas enchentes atingirem as cidades j\u00e1 castigadas pela inunda\u00e7\u00e3o da semana passada, que causaram ao menos 136 mortes. No entanto, o volume foi menor do que o esperado, dando certo al\u00edvio.<\/p>\n<p>&nbsp;<\/p>\n<p>O problema \u00e9 que a previs\u00e3o do tempo mostra que as chuvas mais fortes chegar\u00e3o \u00e0 regi\u00e3o neste fim de semana, principalmente, na regi\u00e3o metropolitana de Porto Alegre e nos munic\u00edpios do norte ga\u00facho, pr\u00f3ximo \u00e0 serra.<\/p>\n<p>&nbsp;<\/p>\n<p>A Prefeitura de Porto Alegre anunciou nesta sexta que manter\u00e1 as equipes mobilizadas nos pr\u00f3ximos dias para o enfrentamento dos danos da atual enchente e tamb\u00e9m para um poss\u00edvel repique na eleva\u00e7\u00e3o do lago Gua\u00edba.<\/p>\n<p>&nbsp;<\/p>\n<p>De acordo com os dados do Inmet (Instituto Nacional de Meteorologia), a capital est\u00e1 em uma \u00e1rea que pode registrar entre 150 mm e 200 mm de acumulado de chuva at\u00e9 segunda-feira (13), com rajadas de vento de at\u00e9 100 km\/h.<\/p>\n<p>&nbsp;<\/p>\n<p>Porto Alegre vive a pior enchente de sua hist\u00f3ria. O lago Gua\u00edba, que cerca a cidade, chegou nos \u00faltimos dias ao maior n\u00edvel j\u00e1 registrado (5,30 m).<\/p>\n<p>&nbsp;<\/p>\n<p>Enquanto o Gua\u00edba, localizado na Grande Porto Alegre, seguia com queda de n\u00edvel de \u00e1gua nos \u00faltimos dias, a lagoa dos Patos tem registrado aumento do n\u00edvel da \u00e1gua, \u00e0s 7h deste s\u00e1bado, estava em 2,48 metros. As maiores eleva\u00e7\u00f5es ocorrem pr\u00f3ximas a Pelotas e regi\u00e3o.<\/p>\n<p>&nbsp;<\/p>\n<p>Segundo a Defesa Civil, com as chuvas e os solos ainda com muita umidade, os rios Taquari e Ca\u00ed apresentaram respostas hidrol\u00f3gicas atingindo limiares de alerta, apesar disso a tend\u00eancia \u00e9 que ambos rios entrem em estabilidade ainda neste s\u00e1bado.<\/p>\n<p>&nbsp;<\/p>\n<p>J\u00e1 o rio Uruguai deve atingir o pico de cheia em Uruguaiana neste s\u00e1bado, registrando quase 4 metros acima da cota de inunda\u00e7\u00e3o. Os demais rios do estado apresentam decl\u00ednio ou estabilidade.<\/p>\n<p>&nbsp;<\/p>\n<p>Segundo o Inmet, a chuva dos pr\u00f3ximos dias, aliada a uma mudan\u00e7a na dire\u00e7\u00e3o dos ventos para sul-sudeste a partir de segunda-feira, poder\u00e1 ocasionar uma nova eleva\u00e7\u00e3o do n\u00edvel do Gua\u00edba para o patamar de 5 m.<\/p>\n<p>&nbsp;<\/p>\n<p>&nbsp;<\/p>\n<p>&nbsp;<\/p>\n<p>&nbsp;<\/p>\n<p><strong>Fonte: Folhapress<\/strong><\/p>\n<p>&nbsp;<\/p>\n","protected":false},"excerpt":{"rendered":"<p>Em queda desde quinta-feira (9), o n\u00edvel da \u00e1gua do lago Gua\u00edba, no Rio Grande do Sul, voltou a subir na manh\u00e3 deste s\u00e1bado (11). De acordo com a medi\u00e7\u00e3o, feita no cais Mau\u00e1, o n\u00edvel do lago subiu 10 cent\u00edmetros entre 8h e 9h, indo de 4,6 metros para 4,7 metros. &nbsp; As autoridades &hellip;<\/p>\n","protected":false},"author":2,"featured_media":31478,"comment_status":"open","ping_status":"open","sticky":false,"template":"","format":"standard","meta":{"_jetpack_memberships_contains_paid_content":false,"footnotes":""},"categories":[5],"tags":[],"class_list":["post-31477","post","type-post","status-publish","format-standard","has-post-thumbnail","hentry","category-brasil-mundo"],"jetpack_featured_media_url":"https:\/\/www.oparanews.com.br\/wp-content\/uploads\/2024\/05\/csm_Guaiba_-_foto_Gustavo_Mansur_-_Palacio_Piratini_43def9a0c2.jpg","jetpack_sharing_enabled":true,"_links":{"self":[{"href":"https:\/\/www.oparanews.com.br\/index.php\/wp-json\/wp\/v2\/posts\/31477","targetHints":{"allow":["GET"]}}],"collection":[{"href":"https:\/\/www.oparanews.com.br\/index.php\/wp-json\/wp\/v2\/posts"}],"about":[{"href":"https:\/\/www.oparanews.com.br\/index.php\/wp-json\/wp\/v2\/types\/post"}],"author":[{"embeddable":true,"href":"https:\/\/www.oparanews.com.br\/index.php\/wp-json\/wp\/v2\/users\/2"}],"replies":[{"embeddable":true,"href":"https:\/\/www.oparanews.com.br\/index.php\/wp-json\/wp\/v2\/comments?post=31477"}],"version-history":[{"count":1,"href":"https:\/\/www.oparanews.com.br\/index.php\/wp-json\/wp\/v2\/posts\/31477\/revisions"}],"predecessor-version":[{"id":31479,"href":"https:\/\/www.oparanews.com.br\/index.php\/wp-json\/wp\/v2\/posts\/31477\/revisions\/31479"}],"wp:featuredmedia":[{"embeddable":true,"href":"https:\/\/www.oparanews.com.br\/index.php\/wp-json\/wp\/v2\/media\/31478"}],"wp:attachment":[{"href":"https:\/\/www.oparanews.com.br\/index.php\/wp-json\/wp\/v2\/media?parent=31477"}],"wp:term":[{"taxonomy":"category","embeddable":true,"href":"https:\/\/www.oparanews.com.br\/index.php\/wp-json\/wp\/v2\/categories?post=31477"},{"taxonomy":"post_tag","embeddable":true,"href":"https:\/\/www.oparanews.com.br\/index.php\/wp-json\/wp\/v2\/tags?post=31477"}],"curies":[{"name":"wp","href":"https:\/\/api.w.org\/{rel}","templated":true}]}}