{"id":31532,"date":"2024-05-17T15:28:02","date_gmt":"2024-05-17T18:28:02","guid":{"rendered":"https:\/\/www.oparanews.com.br\/?p=31532"},"modified":"2024-05-17T15:28:02","modified_gmt":"2024-05-17T18:28:02","slug":"programa-melhor-em-casa-comeca-a-funcionar-no-complexo-de-saude-dr-helio-lopes","status":"publish","type":"post","link":"https:\/\/www.oparanews.com.br\/index.php\/2024\/05\/17\/programa-melhor-em-casa-comeca-a-funcionar-no-complexo-de-saude-dr-helio-lopes\/","title":{"rendered":"Programa Melhor em Casa come\u00e7a a funcionar no Complexo de Sa\u00fade Dr. H\u00e9lio Lopes"},"content":{"rendered":"<p>O Programa Melhor em Casa passa a funcionar, com sua coordena\u00e7\u00e3o, no Complexo de Sa\u00fade Dr. H\u00e9lio Lopes a partir desta sexta-feira, 17. O investimento do governo Ronaldo Lopes inaugurado recentemente tamb\u00e9m \u00e9 o local de outros servi\u00e7os da Secretaria Municipal de Sa\u00fade (SEMS).<\/p>\n<p>&nbsp;<\/p>\n<p>As pessoas que residem em Penedo e quiserem saber mais a respeito do Melhor em Casa e tirar as d\u00favidas sobre acesso ao programa, podem procurar a equipe no novo local de trabalho, localizado na Avenida Wanderley, onde funcionou o hospital Semep.<\/p>\n<p>&nbsp;<\/p>\n<p>Vale lembrar que os atendimentos do programa desenvolvido pela Secretaria de Sa\u00fade de Penedo s\u00e3o feitos no domic\u00edlio do paciente e a inclus\u00e3o no Melhor em Casa \u00e9 solicitada pelo m\u00e9dico do posto de sa\u00fade.<\/p>\n<p><a href=\"http:\/\/www.oparanews.com.br\/wp-content\/uploads\/2024\/05\/WhatsApp-Image-2024-05-16-at-19.11.07-1.jpeg\"><img loading=\"lazy\" decoding=\"async\" class=\"aligncenter size-full wp-image-31533\" src=\"http:\/\/www.oparanews.com.br\/wp-content\/uploads\/2024\/05\/WhatsApp-Image-2024-05-16-at-19.11.07-1.jpeg\" alt=\"\" width=\"1080\" height=\"1350\" srcset=\"https:\/\/www.oparanews.com.br\/wp-content\/uploads\/2024\/05\/WhatsApp-Image-2024-05-16-at-19.11.07-1.jpeg 1080w, https:\/\/www.oparanews.com.br\/wp-content\/uploads\/2024\/05\/WhatsApp-Image-2024-05-16-at-19.11.07-1-240x300.jpeg 240w, https:\/\/www.oparanews.com.br\/wp-content\/uploads\/2024\/05\/WhatsApp-Image-2024-05-16-at-19.11.07-1-819x1024.jpeg 819w, https:\/\/www.oparanews.com.br\/wp-content\/uploads\/2024\/05\/WhatsApp-Image-2024-05-16-at-19.11.07-1-768x960.jpeg 768w\" sizes=\"auto, (max-width: 1080px) 100vw, 1080px\" \/><\/a><\/p>\n<p>Por\u00e9m, caso seja necess\u00e1rio, ser\u00e1 realizado um atendimento especial com o cuidador do paciente acamado, feito por assistente social e psic\u00f3loga ou ainda com a coordena\u00e7\u00e3o da nova ala do Complexo de Sa\u00fade Dr. H\u00e9lio Lopes.<\/p>\n<p>&nbsp;<\/p>\n<p>Em sua nova sede, o Melhor em Casa recebeu computadores e equipamentos para a equipe multiprofissional que tamb\u00e9m ganhou novos uniformes para melhor atender aos pacientes nas \u00e1reas de nutri\u00e7\u00e3o, fisioterapia, fonoaudiologia e enfermagem.<\/p>\n<p>&nbsp;<\/p>\n<p>Os atendimentos do Centro de Apoio Oncol\u00f3gico, do Centro de Sa\u00fade da Mulher e o Centro de Especialidades Odontol\u00f3gicas (CEO) j\u00e1 est\u00e3o sedo realizados no Complexo de Sa\u00fade Dr. H\u00e9lio Lopes. Em breve, as especialidades m\u00e9dicas ofertadas no Centro de Sa\u00fade III (antigo Sesp) estar\u00e3o migrando para o local, assim como o Laborat\u00f3rio Municipal.<\/p>\n<p>&nbsp;<\/p>\n<p>&nbsp;<\/p>\n<p>&nbsp;<\/p>\n<p><strong>Fonte: Assessoria SEMS e Secom PMP<\/strong><\/p>\n<p>&nbsp;<\/p>\n","protected":false},"excerpt":{"rendered":"<p>O Programa Melhor em Casa passa a funcionar, com sua coordena\u00e7\u00e3o, no Complexo de Sa\u00fade Dr. H\u00e9lio Lopes a partir desta sexta-feira, 17. O investimento do governo Ronaldo Lopes inaugurado recentemente tamb\u00e9m \u00e9 o local de outros servi\u00e7os da Secretaria Municipal de Sa\u00fade (SEMS). &nbsp; As pessoas que residem em Penedo e quiserem saber mais &hellip;<\/p>\n","protected":false},"author":2,"featured_media":31534,"comment_status":"open","ping_status":"open","sticky":false,"template":"","format":"standard","meta":{"_jetpack_memberships_contains_paid_content":false,"footnotes":""},"categories":[1,3],"tags":[],"class_list":["post-31532","post","type-post","status-publish","format-standard","has-post-thumbnail","hentry","category-destaque","category-penedo"],"jetpack_featured_media_url":"https:\/\/www.oparanews.com.br\/wp-content\/uploads\/2024\/05\/complexo-saude-helio-lopes-foto-deywisson-duarte-1.jpeg","jetpack_sharing_enabled":true,"_links":{"self":[{"href":"https:\/\/www.oparanews.com.br\/index.php\/wp-json\/wp\/v2\/posts\/31532","targetHints":{"allow":["GET"]}}],"collection":[{"href":"https:\/\/www.oparanews.com.br\/index.php\/wp-json\/wp\/v2\/posts"}],"about":[{"href":"https:\/\/www.oparanews.com.br\/index.php\/wp-json\/wp\/v2\/types\/post"}],"author":[{"embeddable":true,"href":"https:\/\/www.oparanews.com.br\/index.php\/wp-json\/wp\/v2\/users\/2"}],"replies":[{"embeddable":true,"href":"https:\/\/www.oparanews.com.br\/index.php\/wp-json\/wp\/v2\/comments?post=31532"}],"version-history":[{"count":1,"href":"https:\/\/www.oparanews.com.br\/index.php\/wp-json\/wp\/v2\/posts\/31532\/revisions"}],"predecessor-version":[{"id":31535,"href":"https:\/\/www.oparanews.com.br\/index.php\/wp-json\/wp\/v2\/posts\/31532\/revisions\/31535"}],"wp:featuredmedia":[{"embeddable":true,"href":"https:\/\/www.oparanews.com.br\/index.php\/wp-json\/wp\/v2\/media\/31534"}],"wp:attachment":[{"href":"https:\/\/www.oparanews.com.br\/index.php\/wp-json\/wp\/v2\/media?parent=31532"}],"wp:term":[{"taxonomy":"category","embeddable":true,"href":"https:\/\/www.oparanews.com.br\/index.php\/wp-json\/wp\/v2\/categories?post=31532"},{"taxonomy":"post_tag","embeddable":true,"href":"https:\/\/www.oparanews.com.br\/index.php\/wp-json\/wp\/v2\/tags?post=31532"}],"curies":[{"name":"wp","href":"https:\/\/api.w.org\/{rel}","templated":true}]}}