{"id":3158,"date":"2020-01-21T01:05:39","date_gmt":"2020-01-21T01:05:39","guid":{"rendered":"https:\/\/oparanews.com.br\/?p=3158"},"modified":"2020-01-21T01:05:39","modified_gmt":"2020-01-21T01:05:39","slug":"educacao-divulga-resultado-da-matricula-online-para-alunos-novatos-da-rede-estadual","status":"publish","type":"post","link":"https:\/\/www.oparanews.com.br\/index.php\/2020\/01\/21\/educacao-divulga-resultado-da-matricula-online-para-alunos-novatos-da-rede-estadual\/","title":{"rendered":"Educa\u00e7\u00e3o divulga resultado da matr\u00edcula online para alunos novatos da rede estadual"},"content":{"rendered":"<p>A Secretaria de Estado da Educa\u00e7\u00e3o (Seduc) liberou, nesta segunda-feira (20), o resultado da matr\u00edcula online para alunos novatos da rede estadual de ensino do ano letivo de 2020. Os pais ou respons\u00e1veis pelos estudantes devem acessar o site <a href=\"http:\/\/www.matriculaonline.al.gov.br\/\"><strong>www.matriculaonline.al.gov.br<\/strong><\/a> para consultar em qual unidade de ensino o aluno foi alocado, assim como o local e a data para realizar a matr\u00edcula.<\/p>\n<p>Ao acessar a plataforma, \u00e9 preciso que o usu\u00e1rio selecione a op\u00e7\u00e3o e entre no sistema. O acesso \u00e9 realizado por meio do login e senha, que dever\u00e3o ser preenchidos com o CPF de quem efetuou a inscri\u00e7\u00e3o do estudante.<\/p>\n<p>J\u00e1 ciente da escola onde o aluno foi alocado, os pais e respons\u00e1veis ter\u00e3o at\u00e9 sexta-feira (24) para se dirigirem \u00e0 institui\u00e7\u00e3o, entregarem a documenta\u00e7\u00e3o exigida e confirmarem a matr\u00edcula. Esse procedimento \u00e9 essencial para garantir a vaga na escola.<\/p>\n<p>Transfer\u00eancia interna\u2013 O site tamb\u00e9m trouxe o resultado dos pedidos de transfer\u00eancia interna (alunos que j\u00e1 estudam na rede estadual e solicitaram mudan\u00e7a de escola ou que tiveram que ir para uma nova escola porque a sua atual unidade de ensino n\u00e3o oferece a modalidade que ele vai estudar), a exemplo de alunos que concluem o 9\u00ba ano em uma escola e precisam ir para uma outra escola para, assim, cursar o ensino m\u00e9dio.<\/p>\n<p>Para estes casos, tamb\u00e9m \u00e9 necess\u00e1rio que os pais ou interessados entreguem a documenta\u00e7\u00e3o do estudante na nova escola (ver documenta\u00e7\u00e3o abaixo).<\/p>\n<p>Documenta\u00e7\u00e3o \u2013 No ato de confirma\u00e7\u00e3o de matr\u00edcula, dever\u00e3o ser entregues os seguintes documentos:<\/p>\n<p>-Comprovante impresso de resultado da pr\u00e9-matr\u00edcula do Sistema (https:\/\/www.sageal.caedufjf.net\/);<\/p>\n<p>-Certid\u00e3o de Nascimento\/Casamento ou RG (original e c\u00f3pia);<\/p>\n<p>-CPF do estudante (original e c\u00f3pia);<\/p>\n<p>-Hist\u00f3rico Escolar (original) ou Declara\u00e7\u00e3o de Conclus\u00e3o \/Transfer\u00eancia (original) da \u00faltima Unidade de Ensino em que estudou, emitida num prazo m\u00e1ximo de 30 (trinta) dias;<\/p>\n<p>-RG e CPF (original e c\u00f3pia) do respons\u00e1vel legal, no caso de candidato (a) menor de 18 anos;<\/p>\n<p>-Laudo comprobat\u00f3rio de defici\u00eancias declaradas (se for o caso);<\/p>\n<p>-Comprovante de resid\u00eancia atualizado (original e c\u00f3pia da conta de energia com o c\u00f3digo e CEP);<\/p>\n<p>-02 fotos 3&#215;4;<\/p>\n<p>-Cart\u00e3o de vacina\u00e7\u00e3o atualizado,para os estudantes do 1\u00ba ao 5\u00ba ano;<\/p>\n<p>-Parecer descritivo individual sobre o desenvolvimento afetivo, psicomotor e cognitivo dos estudantes do 1\u00ba ao 5\u00ba ano do Ensino Fundamental;<\/p>\n<p>-Cart\u00e3o do Programa Bolsa Fam\u00edlia com o n\u00famero do NIS (original e c\u00f3pia), caso o candidato seja benefici\u00e1rio;<\/p>\n<p>-Cart\u00e3o do Sistema \u00danico de Sa\u00fade \u2013SUS (original e c\u00f3pia);<\/p>\n<p>-Hist\u00f3rico M\u00e9dico Escolar;<\/p>\n<p>-Termo de ci\u00eancia do cumprimento do hor\u00e1rio de funcionamento da escola que oferta Ensino Integral matutino e vespertino, assinado pelo estudante ou seu respons\u00e1vel legal;<\/p>\n<p>-Termo de autoriza\u00e7\u00e3o do uso da imagem assinado pelos pais\/respons\u00e1veis (para estudante menor de 18 anos);<\/p>\n<p><strong>por Karyne Gomes\/Ag\u00eancia Alagoas<\/strong><\/p>\n<p>&nbsp;<\/p>\n","protected":false},"excerpt":{"rendered":"<p>A Secretaria de Estado da Educa\u00e7\u00e3o (Seduc) liberou, nesta segunda-feira (20), o resultado da matr\u00edcula online para alunos novatos da rede estadual de ensino do ano letivo de 2020. Os pais ou respons\u00e1veis pelos estudantes devem acessar o site www.matriculaonline.al.gov.br para consultar em qual unidade de ensino o aluno foi alocado, assim como o local &hellip;<\/p>\n","protected":false},"author":1,"featured_media":3160,"comment_status":"open","ping_status":"open","sticky":false,"template":"","format":"standard","meta":{"_jetpack_memberships_contains_paid_content":false,"footnotes":""},"categories":[1],"tags":[],"class_list":["post-3158","post","type-post","status-publish","format-standard","has-post-thumbnail","hentry","category-destaque"],"jetpack_featured_media_url":"","jetpack_sharing_enabled":true,"_links":{"self":[{"href":"https:\/\/www.oparanews.com.br\/index.php\/wp-json\/wp\/v2\/posts\/3158","targetHints":{"allow":["GET"]}}],"collection":[{"href":"https:\/\/www.oparanews.com.br\/index.php\/wp-json\/wp\/v2\/posts"}],"about":[{"href":"https:\/\/www.oparanews.com.br\/index.php\/wp-json\/wp\/v2\/types\/post"}],"author":[{"embeddable":true,"href":"https:\/\/www.oparanews.com.br\/index.php\/wp-json\/wp\/v2\/users\/1"}],"replies":[{"embeddable":true,"href":"https:\/\/www.oparanews.com.br\/index.php\/wp-json\/wp\/v2\/comments?post=3158"}],"version-history":[{"count":0,"href":"https:\/\/www.oparanews.com.br\/index.php\/wp-json\/wp\/v2\/posts\/3158\/revisions"}],"wp:featuredmedia":[{"embeddable":true,"href":"https:\/\/www.oparanews.com.br\/index.php\/wp-json\/"}],"wp:attachment":[{"href":"https:\/\/www.oparanews.com.br\/index.php\/wp-json\/wp\/v2\/media?parent=3158"}],"wp:term":[{"taxonomy":"category","embeddable":true,"href":"https:\/\/www.oparanews.com.br\/index.php\/wp-json\/wp\/v2\/categories?post=3158"},{"taxonomy":"post_tag","embeddable":true,"href":"https:\/\/www.oparanews.com.br\/index.php\/wp-json\/wp\/v2\/tags?post=3158"}],"curies":[{"name":"wp","href":"https:\/\/api.w.org\/{rel}","templated":true}]}}