{"id":31617,"date":"2024-05-25T23:48:17","date_gmt":"2024-05-26T02:48:17","guid":{"rendered":"https:\/\/www.oparanews.com.br\/?p=31617"},"modified":"2024-05-25T23:48:17","modified_gmt":"2024-05-26T02:48:17","slug":"homem-acusado-de-quatro-homicidios-e-preso-em-sao-miguel-dos-campos","status":"publish","type":"post","link":"https:\/\/www.oparanews.com.br\/index.php\/2024\/05\/25\/homem-acusado-de-quatro-homicidios-e-preso-em-sao-miguel-dos-campos\/","title":{"rendered":"Homem acusado de quatro homic\u00eddios \u00e9 preso em S\u00e3o Miguel dos Campos"},"content":{"rendered":"<p>Um homem de 23 anos foi preso sob a acusa\u00e7\u00e3o de ser o autor de quatro homic\u00eddios ocorridos recentemente no munic\u00edpio de S\u00e3o Miguel dos Campos. A pris\u00e3o ocorreu nessa sexta-feira (24), no mesmo munic\u00edpio, realizada por policiais militares do Pelot\u00e3o de Opera\u00e7\u00f5es Policiais Especiais (Pelopes) da 1\u00aa Companhia de Pol\u00edcia Militar Independente (CPM\/I). Durante a opera\u00e7\u00e3o, tamb\u00e9m foi apreendido um adolescente de 15 anos.<\/p>\n<p>&nbsp;<\/p>\n<p>Os suspeitos foram avistados saindo de um canavial em um ciclomotor pr\u00f3ximo ao bairro H\u00e9lio Jatob\u00e1 III, na parte alta da cidade. Ao perceberem a presen\u00e7a policial, o garupa fez um movimento suspeito, levando uma das m\u00e3os \u00e0 cintura, enquanto o condutor acelerou na tentativa de fugir. No entanto, ap\u00f3s persegui\u00e7\u00e3o, foram interceptados pelas autoridades.<\/p>\n<p>&nbsp;<\/p>\n<p>Durante a abordagem, foram encontrados dois rev\u00f3lveres e 11 muni\u00e7\u00f5es calibre .38, al\u00e9m de 25 por\u00e7\u00f5es de maconha e 20 pedras de crack. As drogas estavam escondidas na roupa \u00edntima de um dos envolvidos. O ciclomotor usado por eles tamb\u00e9m foi apreendido por apresentar queixa de roubo ou furto.<\/p>\n<p>&nbsp;<\/p>\n<p>Em declara\u00e7\u00f5es \u00e0 pol\u00edcia, o homem de 23 anos confessou ser o respons\u00e1vel pelos quatro homic\u00eddios ocorridos na mesma regi\u00e3o entre os dias 14 e 18 de maio. As v\u00edtimas foram identificadas como Felipe Jos\u00e9 Belarmino Concei\u00e7\u00e3o da Silva e Jos\u00e9 Lucas dos Santos, ambos de 20 anos, al\u00e9m de Emerson Roberto da Silva e Jos\u00e9 Adilson Ferreira da Silva, ambos de 28 anos.<\/p>\n<p>&nbsp;<\/p>\n<p>Nos ataques, outras duas pessoas ficaram feridas e foram encaminhadas para a Unidade de Pronto Atendimento, incluindo uma mulher de 23 anos e uma crian\u00e7a de 9 anos, filha de uma das v\u00edtimas fatais.<\/p>\n<p>&nbsp;<\/p>\n<p>Os suspeitos foram conduzidos \u00e0 6\u00aa Delegacia Regional de Pol\u00edcia (DRP) para os procedimentos legais. O homem de 23 anos foi autuado inicialmente por porte ilegal de arma de fogo, tr\u00e1fico de drogas e recepta\u00e7\u00e3o de ve\u00edculo, enquanto o adolescente foi autuado por atos infracionais equivalentes aos mesmos crimes.<\/p>\n<p>&nbsp;<\/p>\n<p>&nbsp;<\/p>\n<p>&nbsp;<\/p>\n<p><strong>Fonte: Gazetaweb com assesoria<\/strong><\/p>\n<p>&nbsp;<\/p>\n","protected":false},"excerpt":{"rendered":"<p>Um homem de 23 anos foi preso sob a acusa\u00e7\u00e3o de ser o autor de quatro homic\u00eddios ocorridos recentemente no munic\u00edpio de S\u00e3o Miguel dos Campos. A pris\u00e3o ocorreu nessa sexta-feira (24), no mesmo munic\u00edpio, realizada por policiais militares do Pelot\u00e3o de Opera\u00e7\u00f5es Policiais Especiais (Pelopes) da 1\u00aa Companhia de Pol\u00edcia Militar Independente (CPM\/I). Durante &hellip;<\/p>\n","protected":false},"author":2,"featured_media":31618,"comment_status":"open","ping_status":"open","sticky":false,"template":"","format":"standard","meta":{"_jetpack_memberships_contains_paid_content":false,"footnotes":""},"categories":[4,1],"tags":[],"class_list":["post-31617","post","type-post","status-publish","format-standard","has-post-thumbnail","hentry","category-alagoas","category-destaque"],"jetpack_featured_media_url":"https:\/\/www.oparanews.com.br\/wp-content\/uploads\/2024\/05\/Homem-acusado-de-quatro-homicidios-e-preso-em-Sao-00764479-8c875ee7093d55f94f98f59638c43b12-7.webp","jetpack_sharing_enabled":true,"_links":{"self":[{"href":"https:\/\/www.oparanews.com.br\/index.php\/wp-json\/wp\/v2\/posts\/31617","targetHints":{"allow":["GET"]}}],"collection":[{"href":"https:\/\/www.oparanews.com.br\/index.php\/wp-json\/wp\/v2\/posts"}],"about":[{"href":"https:\/\/www.oparanews.com.br\/index.php\/wp-json\/wp\/v2\/types\/post"}],"author":[{"embeddable":true,"href":"https:\/\/www.oparanews.com.br\/index.php\/wp-json\/wp\/v2\/users\/2"}],"replies":[{"embeddable":true,"href":"https:\/\/www.oparanews.com.br\/index.php\/wp-json\/wp\/v2\/comments?post=31617"}],"version-history":[{"count":1,"href":"https:\/\/www.oparanews.com.br\/index.php\/wp-json\/wp\/v2\/posts\/31617\/revisions"}],"predecessor-version":[{"id":31619,"href":"https:\/\/www.oparanews.com.br\/index.php\/wp-json\/wp\/v2\/posts\/31617\/revisions\/31619"}],"wp:featuredmedia":[{"embeddable":true,"href":"https:\/\/www.oparanews.com.br\/index.php\/wp-json\/wp\/v2\/media\/31618"}],"wp:attachment":[{"href":"https:\/\/www.oparanews.com.br\/index.php\/wp-json\/wp\/v2\/media?parent=31617"}],"wp:term":[{"taxonomy":"category","embeddable":true,"href":"https:\/\/www.oparanews.com.br\/index.php\/wp-json\/wp\/v2\/categories?post=31617"},{"taxonomy":"post_tag","embeddable":true,"href":"https:\/\/www.oparanews.com.br\/index.php\/wp-json\/wp\/v2\/tags?post=31617"}],"curies":[{"name":"wp","href":"https:\/\/api.w.org\/{rel}","templated":true}]}}